{"id":621,"date":"2022-01-31T12:00:00","date_gmt":"2022-01-31T12:00:00","guid":{"rendered":"https:\/\/www.schule-kell.de\/?p=621"},"modified":"2022-02-14T20:49:38","modified_gmt":"2022-02-14T20:49:38","slug":"heisse-sache","status":"publish","type":"post","link":"https:\/\/www.schule-kell.de\/?p=621","title":{"rendered":"Hei\u00dfe Sache"},"content":{"rendered":"\n<p>Durch das Nachhaltigkeits-Team der Realschule plus Kell am See konnte die Schulgemeinschaft am vergangenen Freitag (28.01.22) dem nasskalten Wetter trotzen und die Pause mit einem hei\u00dfen Kakao genie\u00dfen. Dabei kam nat\u00fcrlich fair gehandelter Kakao und \u00f6kologisch erzeugte Milch zum Einsatz. Um das Abfallaufkommen m\u00f6glichst gering zu halten, wurden die neu angeschafften Tassen mit Schullogo beim Ausschank verwendet.<\/p>\n\n\n\n<figure class=\"wp-block-image size-full is-style-default\"><img loading=\"lazy\" decoding=\"async\" width=\"1024\" height=\"768\" src=\"https:\/\/www.schule-kell.de\/wp-content\/uploads\/2022\/02\/Kakao2.jpg\" alt=\"\" class=\"wp-image-622\" srcset=\"https:\/\/www.schule-kell.de\/wp-content\/uploads\/2022\/02\/Kakao2.jpg 1024w, https:\/\/www.schule-kell.de\/wp-content\/uploads\/2022\/02\/Kakao2-980x735.jpg 980w, https:\/\/www.schule-kell.de\/wp-content\/uploads\/2022\/02\/Kakao2-480x360.jpg 480w\" sizes=\"auto, (min-width: 0px) and (max-width: 480px) 480px, (min-width: 481px) and (max-width: 980px) 980px, (min-width: 981px) 1024px, 100vw\" \/><\/figure>\n\n\n\n<p>Mit den Einnahmen aus dem Verkauf werden Futtermittel f\u00fcr die lokalen Wildv\u00f6gel angeschafft, damit unsere heimischen Singvogelarten besser durch den Winter kommen.<\/p>\n","protected":false},"excerpt":{"rendered":"<p>Durch das Nachhaltigkeits-Team der Realschule plus Kell am See konnte die Schulgemeinschaft am vergangenen Freitag (28.01.22) dem nasskalten Wetter trotzen und die Pause mit einem hei\u00dfen Kakao genie\u00dfen. Dabei kam nat\u00fcrlich fair gehandelter Kakao und \u00f6kologisch erzeugte Milch zum Einsatz. Um das Abfallaufkommen m\u00f6glichst gering zu halten, wurden die neu angeschafften Tassen mit Schullogo beim [&hellip;]<\/p>\n","protected":false},"author":1,"featured_media":622,"comment_status":"open","ping_status":"open","sticky":false,"template":"","format":"standard","meta":{"_et_pb_use_builder":"off","_et_pb_old_content":"","_et_gb_content_width":"","footnotes":""},"categories":[3],"tags":[],"class_list":["post-621","post","type-post","status-publish","format-standard","has-post-thumbnail","hentry","category-aktuelles"],"_links":{"self":[{"href":"https:\/\/www.schule-kell.de\/index.php?rest_route=\/wp\/v2\/posts\/621","targetHints":{"allow":["GET"]}}],"collection":[{"href":"https:\/\/www.schule-kell.de\/index.php?rest_route=\/wp\/v2\/posts"}],"about":[{"href":"https:\/\/www.schule-kell.de\/index.php?rest_route=\/wp\/v2\/types\/post"}],"author":[{"embeddable":true,"href":"https:\/\/www.schule-kell.de\/index.php?rest_route=\/wp\/v2\/users\/1"}],"replies":[{"embeddable":true,"href":"https:\/\/www.schule-kell.de\/index.php?rest_route=%2Fwp%2Fv2%2Fcomments&post=621"}],"version-history":[{"count":1,"href":"https:\/\/www.schule-kell.de\/index.php?rest_route=\/wp\/v2\/posts\/621\/revisions"}],"predecessor-version":[{"id":623,"href":"https:\/\/www.schule-kell.de\/index.php?rest_route=\/wp\/v2\/posts\/621\/revisions\/623"}],"wp:featuredmedia":[{"embeddable":true,"href":"https:\/\/www.schule-kell.de\/index.php?rest_route=\/wp\/v2\/media\/622"}],"wp:attachment":[{"href":"https:\/\/www.schule-kell.de\/index.php?rest_route=%2Fwp%2Fv2%2Fmedia&parent=621"}],"wp:term":[{"taxonomy":"category","embeddable":true,"href":"https:\/\/www.schule-kell.de\/index.php?rest_route=%2Fwp%2Fv2%2Fcategories&post=621"},{"taxonomy":"post_tag","embeddable":true,"href":"https:\/\/www.schule-kell.de\/index.php?rest_route=%2Fwp%2Fv2%2Ftags&post=621"}],"curies":[{"name":"wp","href":"https:\/\/api.w.org\/{rel}","templated":true}]}}