{"id":617,"date":"2021-11-07T12:00:00","date_gmt":"2021-11-07T12:00:00","guid":{"rendered":"https:\/\/www.schule-kell.de\/?p=617"},"modified":"2022-02-14T20:47:52","modified_gmt":"2022-02-14T20:47:52","slug":"spannung-in-der-luft-grosser-vorlesewettbewerb-an-der-realschule-plus-kell-am-see","status":"publish","type":"post","link":"https:\/\/www.schule-kell.de\/?p=617","title":{"rendered":"Spannung in der Luft! &#8211; Gro\u00dfer Vorlesewettbewerb an der Realschule plus Kell am See"},"content":{"rendered":"\n<p>Der gro\u00dfe Vorlesewettbewerb, der &#8211; wie jedes Jahr &#8211; an \u00fcber 7000 Schulen in Deutschland durch die Stiftung Buchkultur und Lesef\u00f6rderung des B\u00f6rsenvereines des Deutschen Buchhandels ausgef\u00fchrt wird, startete im November 2021 auch wieder an der Realschule plus Kell am See.<\/p>\n\n\n\n<p>An diesem Wettbewerb nahmen die drei 6. Klassen teil, in denen jeweils ein Klassensieger ermittelt wurde. Die Sch\u00fclerinnen und Sch\u00fcler bereiteten sich in Form einer Buchvorstellung auf diesen Wettkampf vor. Im Rahmen dieser Arbeit stand die Pr\u00e4sentation eines Buches, das durch ein selbst hergestelltes Plakat unterst\u00fctzt wurde. Besonderes Augenmerk wurde selbstverst\u00e4ndlich auf den Lesevortrag gelegt, der f\u00fcr alle Zuh\u00f6rer spannend, anschaulich und vor allem mitrei\u00dfend sein sollte.<\/p>\n\n\n\n<p>Charlotte Kessler (6 a), Maximilian Eiden (6 b), sowie Jakob Sch\u00f6mer (6 c) gewannen den Wettbewerb auf Klassenebene.<\/p>\n\n\n\n<figure class=\"wp-block-image size-large is-style-default\"><img loading=\"lazy\" decoding=\"async\" width=\"1024\" height=\"460\" src=\"https:\/\/www.schule-kell.de\/wp-content\/uploads\/2022\/02\/Lese2-1024x460.jpg\" alt=\"\" class=\"wp-image-619\" srcset=\"https:\/\/www.schule-kell.de\/wp-content\/uploads\/2022\/02\/Lese2-980x440.jpg 980w, https:\/\/www.schule-kell.de\/wp-content\/uploads\/2022\/02\/Lese2-480x216.jpg 480w\" sizes=\"auto, (min-width: 0px) and (max-width: 480px) 480px, (min-width: 481px) and (max-width: 980px) 980px, (min-width: 981px) 1024px, 100vw\" \/><\/figure>\n\n\n\n<p>Am Nikolaustag traten die Sch\u00fcler*innen dann zum Schulentscheid an, der in der Sporthalle der Realschule plus in Kell am See stattfand. Dazu sollten die Klassensieger einen eigenen und einen fremden Text in einem jeweils dreimin\u00fctigen Zeitfenster vorlesen. Auch hierbei kam es auf einen entsprechend betonten und emotional mitrei\u00dfenden Lesevortrag an.<\/p>\n\n\n\n<p>Aufregung und Spannung lagen in der Luft, als Konrektor Christoph Krier im Rahmen des Wettbewerbs die Klassensieger vorstellte, die sich nun vor der gesamten Orientierungsstufe messen sollten. Herr Krier stellte in seiner Eingangsrede noch einmal die Bedeutung des Lesens hervor, denn das Lesen sei, wie er sagte, eine der wichtigsten Kompetenzen, die man im Leben erwerben k\u00f6nne. Nicht zuletzt deswegen, weil das Lesen neben der Fantasiebildung auch das Rechtschreiben und das Verst\u00e4ndnis von Texten ma\u00dfgeblich mitbeeinflusse.<\/p>\n\n\n\n<p>Als Charlotte K. nach vorne trat, wurde es mucksm\u00e4uschenstill unter den Zuschauern. Sie las aus dem Buch von Alice Panterm\u00fcller \u201eMein Lotta-Leben (16). Das letzte Eichhorn\u201c. Die Minuten, in denen Charlotte Zeit hatte, ihren Vortrag zu gestalten, waren viel zu schnell vorbei und man merkte den zuh\u00f6renden Kindern an, dass sie gerne noch mehr von der Geschichte geh\u00f6rt h\u00e4tten.<\/p>\n\n\n\n<figure class=\"wp-block-image size-large is-style-default\"><img loading=\"lazy\" decoding=\"async\" width=\"1024\" height=\"461\" src=\"https:\/\/www.schule-kell.de\/wp-content\/uploads\/2022\/02\/Lese1-1024x461.jpg\" alt=\"\" class=\"wp-image-618\" srcset=\"https:\/\/www.schule-kell.de\/wp-content\/uploads\/2022\/02\/Lese1-980x441.jpg 980w, https:\/\/www.schule-kell.de\/wp-content\/uploads\/2022\/02\/Lese1-480x216.jpg 480w\" sizes=\"auto, (min-width: 0px) and (max-width: 480px) 480px, (min-width: 481px) and (max-width: 980px) 980px, (min-width: 981px) 1024px, 100vw\" \/><\/figure>\n\n\n\n<p>Auch Maximilian Eiden und Jakob Sch\u00f6mer, die sich sehr spannende Jugendb\u00fccher ausgesucht hatten, gestalteten ihren Lesevortrag h\u00f6chst interessant und man merkte beiden Jungen die hervorragende Vorbereitung auf den Wettbewerb an.<\/p>\n\n\n\n<p>Der Fremdtext stammte aus dem bekannten Jugendbach \u201eKrabat\u201c von Otfried Preussler und hier zeigte sich, wer auch mit einem Fremdtext souver\u00e4n umzugehen wusste.<\/p>\n\n\n\n<p>F\u00fcr die Jury stand zum Ende ein \u00fcbereinstimmendes Ergebnis fest: Charlotte Kessler aus der Klasse 6 a sollte die Siegerin des diesj\u00e4hrigen Vorlesewettbewerbs werden! Den Klassensiegern wurden Urkunden \u00fcberreicht und Charlotte K. erhielt eine weitere Auszeichnung f\u00fcr den Sieg auf Schulebene sowie einen Buchpreis. Einen kleinen Trostpreis gab es selbstverst\u00e4ndlich auch f\u00fcr den Zweit- und Drittplatzierten.<\/p>\n\n\n\n<p>Unsere Siegerin wird voraussichtlich im Februar 2022 im Rahmen des Vorlesewettbewerbs auf Kreisebene vorlesen d\u00fcrfen. Wir w\u00fcnschen ihr f\u00fcr dieses Vorhaben weiterhin viel Erfolg!<\/p>\n","protected":false},"excerpt":{"rendered":"<p>Der gro\u00dfe Vorlesewettbewerb, der &#8211; wie jedes Jahr &#8211; an \u00fcber 7000 Schulen in Deutschland durch die Stiftung Buchkultur und Lesef\u00f6rderung des B\u00f6rsenvereines des Deutschen Buchhandels ausgef\u00fchrt wird, startete im November 2021 auch wieder an der Realschule plus Kell am See. An diesem Wettbewerb nahmen die drei 6. Klassen teil, in denen jeweils ein Klassensieger [&hellip;]<\/p>\n","protected":false},"author":1,"featured_media":618,"comment_status":"open","ping_status":"open","sticky":false,"template":"","format":"standard","meta":{"_et_pb_use_builder":"off","_et_pb_old_content":"","_et_gb_content_width":"","footnotes":""},"categories":[3],"tags":[],"class_list":["post-617","post","type-post","status-publish","format-standard","has-post-thumbnail","hentry","category-aktuelles"],"_links":{"self":[{"href":"https:\/\/www.schule-kell.de\/index.php?rest_route=\/wp\/v2\/posts\/617","targetHints":{"allow":["GET"]}}],"collection":[{"href":"https:\/\/www.schule-kell.de\/index.php?rest_route=\/wp\/v2\/posts"}],"about":[{"href":"https:\/\/www.schule-kell.de\/index.php?rest_route=\/wp\/v2\/types\/post"}],"author":[{"embeddable":true,"href":"https:\/\/www.schule-kell.de\/index.php?rest_route=\/wp\/v2\/users\/1"}],"replies":[{"embeddable":true,"href":"https:\/\/www.schule-kell.de\/index.php?rest_route=%2Fwp%2Fv2%2Fcomments&post=617"}],"version-history":[{"count":1,"href":"https:\/\/www.schule-kell.de\/index.php?rest_route=\/wp\/v2\/posts\/617\/revisions"}],"predecessor-version":[{"id":620,"href":"https:\/\/www.schule-kell.de\/index.php?rest_route=\/wp\/v2\/posts\/617\/revisions\/620"}],"wp:featuredmedia":[{"embeddable":true,"href":"https:\/\/www.schule-kell.de\/index.php?rest_route=\/wp\/v2\/media\/618"}],"wp:attachment":[{"href":"https:\/\/www.schule-kell.de\/index.php?rest_route=%2Fwp%2Fv2%2Fmedia&parent=617"}],"wp:term":[{"taxonomy":"category","embeddable":true,"href":"https:\/\/www.schule-kell.de\/index.php?rest_route=%2Fwp%2Fv2%2Fcategories&post=617"},{"taxonomy":"post_tag","embeddable":true,"href":"https:\/\/www.schule-kell.de\/index.php?rest_route=%2Fwp%2Fv2%2Ftags&post=617"}],"curies":[{"name":"wp","href":"https:\/\/api.w.org\/{rel}","templated":true}]}}