{"id":614,"date":"2021-11-06T12:00:00","date_gmt":"2021-11-06T12:00:00","guid":{"rendered":"https:\/\/www.schule-kell.de\/?p=614"},"modified":"2022-02-14T20:45:38","modified_gmt":"2022-02-14T20:45:38","slug":"betriebserkundung-vor-ort-lernen-ausserhalb-des-klassenzimmers","status":"publish","type":"post","link":"https:\/\/www.schule-kell.de\/?p=614","title":{"rendered":"Betriebserkundung vor Ort &#8211; Lernen au\u00dferhalb des Klassenzimmers"},"content":{"rendered":"\n<p>Die Sch\u00fcler*innen des Wahlpflichtfachs Wirtschaft und Verwaltung der Klassenstufe 7 besuchten mit Herrn Krier den Rewe-Markt in Kell am See, um das im Unterricht erarbeitete Fachwissen im Alltag zu \u00fcberpr\u00fcfen.<br>In der Unterrichtsreihe \u201eAuskommen mit dem Einkommen\u201c haben sich die Sch\u00fcler*innen u.a. damit besch\u00e4ftigt, wie man verantwortungsbewusst und planbar einen Einkauf im Supermarkt t\u00e4tigt und dabei nicht den Tricks und Einkaufsfallen der Verkaufsprofis verf\u00e4llt. Im Vorfeld zur Betriebserkundung wurden Beobachtungsb\u00f6gen ausgearbeitet, um Gegebenheiten vor Ort unter die Lupe nehmen zu k\u00f6nnen. Hierzu z\u00e4hlten u.a. Beobachtungsauftr\u00e4ge wie \u201eL\u00e4uft im Supermarkt Musik?\u201c, \u201eWie sind Streck- und B\u00fcckware gleicher Produkte jedoch unterschiedlicher Hersteller angeordnet?\u201c, \u201eWie werden die Sinne der Kundschaft durch Licht- und Geruchsquellen beeinflusst?\u201c, etc.<br>W\u00e4hrend und im Anschluss an die Erkundungstour stand Herr Timo Pick (Inhaber des Rewe-Marktes) den Sch\u00fcler*innen f\u00fcr Fragen zur Verf\u00fcgung. Er erkl\u00e4rte ihnen anschaulich am eigenen Sortiment den Aufbau des Marktes, wo sich allgemeine Strukturen eines Supermarktes wiederfinden und an welcher Stelle sich zum Beispiel Produkte aus der Region anbieten lassen und warum er auf diese Produkte sehr viel Wert legt. \u201eRegionalit\u00e4t und Nachhaltigkeit werden immer bedeutender und auch von der Kundschaft angenommen.\u201c<\/p>\n\n\n\n<figure class=\"wp-block-image size-large is-style-default\"><img loading=\"lazy\" decoding=\"async\" width=\"1024\" height=\"768\" src=\"https:\/\/www.schule-kell.de\/wp-content\/uploads\/2022\/02\/ReweBesuch-1024x768.jpg\" alt=\"\" class=\"wp-image-615\" srcset=\"https:\/\/www.schule-kell.de\/wp-content\/uploads\/2022\/02\/ReweBesuch-980x735.jpg 980w, https:\/\/www.schule-kell.de\/wp-content\/uploads\/2022\/02\/ReweBesuch-480x360.jpg 480w\" sizes=\"auto, (min-width: 0px) and (max-width: 480px) 480px, (min-width: 481px) and (max-width: 980px) 980px, (min-width: 981px) 1024px, 100vw\" \/><\/figure>\n\n\n\n<p>Mit dem Besuch des au\u00dferschulischen Lernortes und dem Austausch zwischen den Sch\u00fcler*innen und Herrn Pick wurde im Sinne des nachhaltigen Lernens das unterrichtliche Fachwissen in die Praxis umgesetzt und nachhaltiges Lernen f\u00fcr die Zukunft angebahnt.<\/p>\n","protected":false},"excerpt":{"rendered":"<p>Die Sch\u00fcler*innen des Wahlpflichtfachs Wirtschaft und Verwaltung der Klassenstufe 7 besuchten mit Herrn Krier den Rewe-Markt in Kell am See, um das im Unterricht erarbeitete Fachwissen im Alltag zu \u00fcberpr\u00fcfen.In der Unterrichtsreihe \u201eAuskommen mit dem Einkommen\u201c haben sich die Sch\u00fcler*innen u.a. damit besch\u00e4ftigt, wie man verantwortungsbewusst und planbar einen Einkauf im Supermarkt t\u00e4tigt und dabei [&hellip;]<\/p>\n","protected":false},"author":1,"featured_media":615,"comment_status":"open","ping_status":"open","sticky":false,"template":"","format":"standard","meta":{"_et_pb_use_builder":"off","_et_pb_old_content":"","_et_gb_content_width":"","footnotes":""},"categories":[3],"tags":[],"class_list":["post-614","post","type-post","status-publish","format-standard","has-post-thumbnail","hentry","category-aktuelles"],"_links":{"self":[{"href":"https:\/\/www.schule-kell.de\/index.php?rest_route=\/wp\/v2\/posts\/614","targetHints":{"allow":["GET"]}}],"collection":[{"href":"https:\/\/www.schule-kell.de\/index.php?rest_route=\/wp\/v2\/posts"}],"about":[{"href":"https:\/\/www.schule-kell.de\/index.php?rest_route=\/wp\/v2\/types\/post"}],"author":[{"embeddable":true,"href":"https:\/\/www.schule-kell.de\/index.php?rest_route=\/wp\/v2\/users\/1"}],"replies":[{"embeddable":true,"href":"https:\/\/www.schule-kell.de\/index.php?rest_route=%2Fwp%2Fv2%2Fcomments&post=614"}],"version-history":[{"count":1,"href":"https:\/\/www.schule-kell.de\/index.php?rest_route=\/wp\/v2\/posts\/614\/revisions"}],"predecessor-version":[{"id":616,"href":"https:\/\/www.schule-kell.de\/index.php?rest_route=\/wp\/v2\/posts\/614\/revisions\/616"}],"wp:featuredmedia":[{"embeddable":true,"href":"https:\/\/www.schule-kell.de\/index.php?rest_route=\/wp\/v2\/media\/615"}],"wp:attachment":[{"href":"https:\/\/www.schule-kell.de\/index.php?rest_route=%2Fwp%2Fv2%2Fmedia&parent=614"}],"wp:term":[{"taxonomy":"category","embeddable":true,"href":"https:\/\/www.schule-kell.de\/index.php?rest_route=%2Fwp%2Fv2%2Fcategories&post=614"},{"taxonomy":"post_tag","embeddable":true,"href":"https:\/\/www.schule-kell.de\/index.php?rest_route=%2Fwp%2Fv2%2Ftags&post=614"}],"curies":[{"name":"wp","href":"https:\/\/api.w.org\/{rel}","templated":true}]}}