{"id":610,"date":"2021-11-04T12:00:00","date_gmt":"2021-11-04T12:00:00","guid":{"rendered":"https:\/\/www.schule-kell.de\/?p=610"},"modified":"2022-02-14T20:43:29","modified_gmt":"2022-02-14T20:43:29","slug":"felicitation","status":"publish","type":"post","link":"https:\/\/www.schule-kell.de\/?p=610","title":{"rendered":"F\u00e9licitation"},"content":{"rendered":"\n<p>Herr Martin ist sehr stolz auf seine vier Franz\u00f6sischsch\u00fclerinnen Romina Eschweiler, Stella Pr\u00fcmm, Anne Hafke und Emma Lee Schneider (im vergangenen Schuljahr Klasse 10a). Ende letzten Schuljahres haben sie die DELF-A2-Pr\u00fcfung erfolgreich abgelegt und erhalten nun endlich ihre Urkunden.<\/p>\n\n\n\n<figure class=\"wp-block-image size-full is-style-default\"><img loading=\"lazy\" decoding=\"async\" width=\"640\" height=\"480\" src=\"https:\/\/www.schule-kell.de\/wp-content\/uploads\/2022\/02\/DELF.jpg\" alt=\"\" class=\"wp-image-612\" srcset=\"https:\/\/www.schule-kell.de\/wp-content\/uploads\/2022\/02\/DELF.jpg 640w, https:\/\/www.schule-kell.de\/wp-content\/uploads\/2022\/02\/DELF-480x360.jpg 480w\" sizes=\"auto, (min-width: 0px) and (max-width: 480px) 480px, (min-width: 481px) 640px, 100vw\" \/><\/figure>\n\n\n\n<p><strong>DELF<\/strong> steht f\u00fcr \u201edipl\u00f4me d\u2019\u00e9tudes en langue fran\u00e7aise\u201c und ist ein international anerkanntes Sprachzertifikat f\u00fcr Franz\u00f6sisch als Fremdsprache. Die Zertifikate werden vom Institut Fran\u00e7ais ausgestellt und belegen den Fortschritt der Sprachkenntnisse der Sch\u00fcler*innen. Des Weiteren ist dieses Zertifikat auch ein Pluspunkt bei der Bewerbung um einen Ausbildungsplatz.<\/p>\n\n\n\n<p>Die Sch\u00fclerinnen nahmen einmal w\u00f6chentlich an einer freiwilligen DELF-AG am Nachmittag teil, um sich auf die m\u00fcndliche und schriftliche DELF-Pr\u00fcfung f\u00fcr das Kompetenzniveau A2 vorzubereiten.<br>Die Realschule plus Kell am See gratuliert den erfolgreichen Pr\u00fcfungsteilnehmerinnen und hofft, dass auch im kommenden Schuljahr motivierte Franz\u00f6sischsch\u00fcler*innen an der DELF-Pr\u00fcfung teilnehmen werden.<\/p>\n","protected":false},"excerpt":{"rendered":"<p>Herr Martin ist sehr stolz auf seine vier Franz\u00f6sischsch\u00fclerinnen Romina Eschweiler, Stella Pr\u00fcmm, Anne Hafke und Emma Lee Schneider (im vergangenen Schuljahr Klasse 10a). Ende letzten Schuljahres haben sie die DELF-A2-Pr\u00fcfung erfolgreich abgelegt und erhalten nun endlich ihre Urkunden. DELF steht f\u00fcr \u201edipl\u00f4me d\u2019\u00e9tudes en langue fran\u00e7aise\u201c und ist ein international anerkanntes Sprachzertifikat f\u00fcr Franz\u00f6sisch [&hellip;]<\/p>\n","protected":false},"author":1,"featured_media":612,"comment_status":"open","ping_status":"open","sticky":false,"template":"","format":"standard","meta":{"_et_pb_use_builder":"off","_et_pb_old_content":"","_et_gb_content_width":"","footnotes":""},"categories":[3],"tags":[],"class_list":["post-610","post","type-post","status-publish","format-standard","has-post-thumbnail","hentry","category-aktuelles"],"_links":{"self":[{"href":"https:\/\/www.schule-kell.de\/index.php?rest_route=\/wp\/v2\/posts\/610","targetHints":{"allow":["GET"]}}],"collection":[{"href":"https:\/\/www.schule-kell.de\/index.php?rest_route=\/wp\/v2\/posts"}],"about":[{"href":"https:\/\/www.schule-kell.de\/index.php?rest_route=\/wp\/v2\/types\/post"}],"author":[{"embeddable":true,"href":"https:\/\/www.schule-kell.de\/index.php?rest_route=\/wp\/v2\/users\/1"}],"replies":[{"embeddable":true,"href":"https:\/\/www.schule-kell.de\/index.php?rest_route=%2Fwp%2Fv2%2Fcomments&post=610"}],"version-history":[{"count":1,"href":"https:\/\/www.schule-kell.de\/index.php?rest_route=\/wp\/v2\/posts\/610\/revisions"}],"predecessor-version":[{"id":613,"href":"https:\/\/www.schule-kell.de\/index.php?rest_route=\/wp\/v2\/posts\/610\/revisions\/613"}],"wp:featuredmedia":[{"embeddable":true,"href":"https:\/\/www.schule-kell.de\/index.php?rest_route=\/wp\/v2\/media\/612"}],"wp:attachment":[{"href":"https:\/\/www.schule-kell.de\/index.php?rest_route=%2Fwp%2Fv2%2Fmedia&parent=610"}],"wp:term":[{"taxonomy":"category","embeddable":true,"href":"https:\/\/www.schule-kell.de\/index.php?rest_route=%2Fwp%2Fv2%2Fcategories&post=610"},{"taxonomy":"post_tag","embeddable":true,"href":"https:\/\/www.schule-kell.de\/index.php?rest_route=%2Fwp%2Fv2%2Ftags&post=610"}],"curies":[{"name":"wp","href":"https:\/\/api.w.org\/{rel}","templated":true}]}}