{"id":597,"date":"2021-11-02T12:00:00","date_gmt":"2021-11-02T12:00:00","guid":{"rendered":"https:\/\/www.schule-kell.de\/?p=597"},"modified":"2022-02-14T20:34:44","modified_gmt":"2022-02-14T20:34:44","slug":"unsere-vor-weihnachtsueberraschung","status":"publish","type":"post","link":"https:\/\/www.schule-kell.de\/?p=597","title":{"rendered":"Unsere Vor-Weihnachts\u00fcberraschung"},"content":{"rendered":"\n<p>Sie ist gelungen. Die 5a hat in den letzten Wochen flei\u00dfig gebastelt was das Zeug h\u00e4lt. Jede*r der 19 Sch\u00fcler*innen hat jeweils einen Schuhkarton in ein Winter- oder Weihnachts-Glitzer-Wunderland verwandelt.<\/p>\n\n\n\n<p>Von zuhause haben sie Geschenkpapiere, Weihnachtskugeln, Kunstschnee, Playmobilfiguren, Lichterketten und \u00e4hnliches Glitzermaterial mitgebracht und in ihrem Karton eine phantasievolle Welt erschaffen. Ein besonderer Dank gilt auch der Elternschaft, die dieses Projekt, was die ganze Schulgemeinschaft \u00fcber die Adventszeit verzaubern soll, unterst\u00fctzt hat. \u00c4hnlich eines Adventskalenders wird jeden Tag eine Deckel ge\u00f6ffnet und eine Traumlandschaft enth\u00fcllt. Ein perfekter Countdown Richtung Weihnachtsferien.<\/p>\n\n\n\n<p>Stolz pr\u00e4sentieren die neunzehn Bastler*innen ihre Ergebnisse. Der gro\u00dfe Adventskalender ist bei uns im Verwaltungsflur zu bestaunen.<\/p>\n\n\n\n<figure class=\"wp-block-gallery has-nested-images columns-default is-cropped wp-block-gallery-1 is-layout-flex wp-block-gallery-is-layout-flex\">\n<figure class=\"wp-block-image size-full is-style-default\"><img loading=\"lazy\" decoding=\"async\" width=\"640\" height=\"480\" data-id=\"598\" src=\"https:\/\/www.schule-kell.de\/wp-content\/uploads\/2022\/02\/5aWeichnachtsu\u0308ber1.jpg\" alt=\"\" class=\"wp-image-598\" srcset=\"https:\/\/www.schule-kell.de\/wp-content\/uploads\/2022\/02\/5aWeichnachtsu\u0308ber1.jpg 640w, https:\/\/www.schule-kell.de\/wp-content\/uploads\/2022\/02\/5aWeichnachtsu\u0308ber1-300x225.jpg 300w, https:\/\/www.schule-kell.de\/wp-content\/uploads\/2022\/02\/5aWeichnachtsu\u0308ber1-510x382.jpg 510w, https:\/\/www.schule-kell.de\/wp-content\/uploads\/2022\/02\/5aWeichnachtsu\u0308ber1-480x360.jpg 480w\" sizes=\"auto, (max-width: 640px) 100vw, 640px\" \/><\/figure>\n\n\n\n<figure class=\"wp-block-image size-full is-style-default\"><img loading=\"lazy\" decoding=\"async\" width=\"640\" height=\"480\" data-id=\"600\" src=\"https:\/\/www.schule-kell.de\/wp-content\/uploads\/2022\/02\/5aWeichnachtsu\u0308ber2.jpg\" alt=\"\" class=\"wp-image-600\" srcset=\"https:\/\/www.schule-kell.de\/wp-content\/uploads\/2022\/02\/5aWeichnachtsu\u0308ber2.jpg 640w, https:\/\/www.schule-kell.de\/wp-content\/uploads\/2022\/02\/5aWeichnachtsu\u0308ber2-300x225.jpg 300w, https:\/\/www.schule-kell.de\/wp-content\/uploads\/2022\/02\/5aWeichnachtsu\u0308ber2-510x382.jpg 510w, https:\/\/www.schule-kell.de\/wp-content\/uploads\/2022\/02\/5aWeichnachtsu\u0308ber2-480x360.jpg 480w\" sizes=\"auto, (max-width: 640px) 100vw, 640px\" \/><\/figure>\n\n\n\n<figure class=\"wp-block-image size-full is-style-default\"><img loading=\"lazy\" decoding=\"async\" width=\"640\" height=\"480\" data-id=\"599\" src=\"https:\/\/www.schule-kell.de\/wp-content\/uploads\/2022\/02\/5aWeichnachtsu\u0308ber3.jpg\" alt=\"\" class=\"wp-image-599\" srcset=\"https:\/\/www.schule-kell.de\/wp-content\/uploads\/2022\/02\/5aWeichnachtsu\u0308ber3.jpg 640w, https:\/\/www.schule-kell.de\/wp-content\/uploads\/2022\/02\/5aWeichnachtsu\u0308ber3-300x225.jpg 300w, https:\/\/www.schule-kell.de\/wp-content\/uploads\/2022\/02\/5aWeichnachtsu\u0308ber3-510x382.jpg 510w, https:\/\/www.schule-kell.de\/wp-content\/uploads\/2022\/02\/5aWeichnachtsu\u0308ber3-480x360.jpg 480w\" sizes=\"auto, (max-width: 640px) 100vw, 640px\" \/><\/figure>\n<\/figure>\n","protected":false},"excerpt":{"rendered":"<p>Sie ist gelungen. Die 5a hat in den letzten Wochen flei\u00dfig gebastelt was das Zeug h\u00e4lt. Jede*r der 19 Sch\u00fcler*innen hat jeweils einen Schuhkarton in ein Winter- oder Weihnachts-Glitzer-Wunderland verwandelt. Von zuhause haben sie Geschenkpapiere, Weihnachtskugeln, Kunstschnee, Playmobilfiguren, Lichterketten und \u00e4hnliches Glitzermaterial mitgebracht und in ihrem Karton eine phantasievolle Welt erschaffen. Ein besonderer Dank gilt [&hellip;]<\/p>\n","protected":false},"author":1,"featured_media":598,"comment_status":"open","ping_status":"open","sticky":false,"template":"","format":"standard","meta":{"_et_pb_use_builder":"off","_et_pb_old_content":"","_et_gb_content_width":"","footnotes":""},"categories":[3],"tags":[],"class_list":["post-597","post","type-post","status-publish","format-standard","has-post-thumbnail","hentry","category-aktuelles"],"_links":{"self":[{"href":"https:\/\/www.schule-kell.de\/index.php?rest_route=\/wp\/v2\/posts\/597","targetHints":{"allow":["GET"]}}],"collection":[{"href":"https:\/\/www.schule-kell.de\/index.php?rest_route=\/wp\/v2\/posts"}],"about":[{"href":"https:\/\/www.schule-kell.de\/index.php?rest_route=\/wp\/v2\/types\/post"}],"author":[{"embeddable":true,"href":"https:\/\/www.schule-kell.de\/index.php?rest_route=\/wp\/v2\/users\/1"}],"replies":[{"embeddable":true,"href":"https:\/\/www.schule-kell.de\/index.php?rest_route=%2Fwp%2Fv2%2Fcomments&post=597"}],"version-history":[{"count":1,"href":"https:\/\/www.schule-kell.de\/index.php?rest_route=\/wp\/v2\/posts\/597\/revisions"}],"predecessor-version":[{"id":601,"href":"https:\/\/www.schule-kell.de\/index.php?rest_route=\/wp\/v2\/posts\/597\/revisions\/601"}],"wp:featuredmedia":[{"embeddable":true,"href":"https:\/\/www.schule-kell.de\/index.php?rest_route=\/wp\/v2\/media\/598"}],"wp:attachment":[{"href":"https:\/\/www.schule-kell.de\/index.php?rest_route=%2Fwp%2Fv2%2Fmedia&parent=597"}],"wp:term":[{"taxonomy":"category","embeddable":true,"href":"https:\/\/www.schule-kell.de\/index.php?rest_route=%2Fwp%2Fv2%2Fcategories&post=597"},{"taxonomy":"post_tag","embeddable":true,"href":"https:\/\/www.schule-kell.de\/index.php?rest_route=%2Fwp%2Fv2%2Ftags&post=597"}],"curies":[{"name":"wp","href":"https:\/\/api.w.org\/{rel}","templated":true}]}}