{"id":591,"date":"2021-11-01T12:00:00","date_gmt":"2021-11-01T12:00:00","guid":{"rendered":"https:\/\/www.schule-kell.de\/?p=591"},"modified":"2022-02-14T20:30:19","modified_gmt":"2022-02-14T20:30:19","slug":"fair-trade-strikes-back","status":"publish","type":"post","link":"https:\/\/www.schule-kell.de\/?p=591","title":{"rendered":"Fair Trade strikes back"},"content":{"rendered":"\n<figure class=\"wp-block-image size-large is-style-default\"><img decoding=\"async\" src=\"https:\/\/www.schule-kell.de\/wp-content\/uploads\/2022\/02\/Schullogo-11000x6000-1-1024x512.jpg\" alt=\"\" class=\"wp-image-592\"\/><\/figure>\n\n\n\n<p>Nach harter Arbeit und hohem Engagement des schuleigenen \u201eNachhaltigkeitsteams\u201c darf die Realschule plus Kell am See nun das Zertifikat \u201eFAIR TRADE SCHOOL\u201c f\u00fcr weitere zwei Jahre f\u00fchren. Dies ist mittlerweile schon die zweite \u201eVerl\u00e4ngerung\u201c des Titels. Folglich engagiert sich die RS plus Kell am See schon seit \u00fcber vier Jahren f\u00fcr fairen Handel. Dadurch dass die Realschule plus Kell am See die einzige \u201eFAIR TRADE SCHOOL\u201c im ganzen Kreis Trier-Saarburg ist, \u00fcbernimmt die Schulgemeinschaft unserer Schule im besonderem Ma\u00dfe soziale Verantwortung und praktiziert zugleich das Prinzip der gelebten Nachhaltigkeit, um globale Probleme auf lokaler Ebene aktiv anzugehen. Der Faire Handel umfasst wichtige Themen in Punkto Nachhaltigkeit. So werden Arbeitsrechte in L\u00e4ndern durchgesetzt in denen Hungerl\u00f6hne, Kinderarbeit und mangelnde Schutzkleidung an der Tagesordnung sind.<\/p>\n\n\n\n<p>Unser tiefer Dank gilt hierbei Allen, die bei der erneuten Zertifizierung tatkr\u00e4ftig mitgewirkt haben. Hier sind zun\u00e4chst die Lehrk\u00f6per genannt, die das Thema \u201eFairer Handel\u201c in den verschiedensten F\u00e4chern, wie zum Beispiel Erdkunde, Englisch, Hauswirtschaftslehre, oder Religion integrierten und vermittelten. Auch der Konsum von fair gehandeltem Kaffee, Tee und Zucker des Kollegiums w\u00e4hrend der Pausen und Konferenzen leistete bei der Erneuerung des Titels seinen Beitrag. Besonderer Dank gilt dem Hausmeister, der das Sortiment des Pausenverkaufs Schritt f\u00fcr Schritt mit fair gehandelten Produkten erweitern konnte, die sich bei der Sch\u00fclerschaft gro\u00dfer Beliebtheit erfreuen. Aber auch die Schulleitung hat das Thema Nachhaltigkeit und Fairer Handel stets unterst\u00fctz und vorangetrieben.<br>Durch diese Unterst\u00fctzung auf allen Ebenen ist es dem Nachhaltigkeits-Team gelungen, trotz Corona das Aktionsangebot immer weiter auszubauen. Neben den regelm\u00e4\u00dfigen Kuchenverk\u00e4ufe, Pr\u00e4sentationen am Tag der offenen T\u00fcr der Schule, eine Valentinstagaktion mit fair gehandelten Rosen, die Anschaffung von fair produzierten B\u00e4llen f\u00fcr den Sportunterricht, konnte zum Beispiel eine Nikolausaktion f\u00fcr die Unterstufensch\u00fcler*Innen als fester Bestandteil des Aktionskalenders der Realschule plus Kell am See implementiert werden.<\/p>\n\n\n\n<p>Aber darauf ruhen sich die Beteiligten nat\u00fcrlich nicht aus. Weitere Aktionen sind bereits in Planung damit wir unsere Zukunft noch fairer und nachhaltiger gestalten k\u00f6nnen!<\/p>\n\n\n\n<p><\/p>\n","protected":false},"excerpt":{"rendered":"<p>Nach harter Arbeit und hohem Engagement des schuleigenen \u201eNachhaltigkeitsteams\u201c darf die Realschule plus Kell am See nun das Zertifikat \u201eFAIR TRADE SCHOOL\u201c f\u00fcr weitere zwei Jahre f\u00fchren. Dies ist mittlerweile schon die zweite \u201eVerl\u00e4ngerung\u201c des Titels. Folglich engagiert sich die RS plus Kell am See schon seit \u00fcber vier Jahren f\u00fcr fairen Handel. Dadurch dass [&hellip;]<\/p>\n","protected":false},"author":1,"featured_media":548,"comment_status":"closed","ping_status":"closed","sticky":false,"template":"","format":"standard","meta":{"_et_pb_use_builder":"off","_et_pb_old_content":"","_et_gb_content_width":"","footnotes":""},"categories":[3],"tags":[],"class_list":["post-591","post","type-post","status-publish","format-standard","has-post-thumbnail","hentry","category-aktuelles"],"_links":{"self":[{"href":"https:\/\/www.schule-kell.de\/index.php?rest_route=\/wp\/v2\/posts\/591","targetHints":{"allow":["GET"]}}],"collection":[{"href":"https:\/\/www.schule-kell.de\/index.php?rest_route=\/wp\/v2\/posts"}],"about":[{"href":"https:\/\/www.schule-kell.de\/index.php?rest_route=\/wp\/v2\/types\/post"}],"author":[{"embeddable":true,"href":"https:\/\/www.schule-kell.de\/index.php?rest_route=\/wp\/v2\/users\/1"}],"replies":[{"embeddable":true,"href":"https:\/\/www.schule-kell.de\/index.php?rest_route=%2Fwp%2Fv2%2Fcomments&post=591"}],"version-history":[{"count":3,"href":"https:\/\/www.schule-kell.de\/index.php?rest_route=\/wp\/v2\/posts\/591\/revisions"}],"predecessor-version":[{"id":596,"href":"https:\/\/www.schule-kell.de\/index.php?rest_route=\/wp\/v2\/posts\/591\/revisions\/596"}],"wp:featuredmedia":[{"embeddable":true,"href":"https:\/\/www.schule-kell.de\/index.php?rest_route=\/wp\/v2\/media\/548"}],"wp:attachment":[{"href":"https:\/\/www.schule-kell.de\/index.php?rest_route=%2Fwp%2Fv2%2Fmedia&parent=591"}],"wp:term":[{"taxonomy":"category","embeddable":true,"href":"https:\/\/www.schule-kell.de\/index.php?rest_route=%2Fwp%2Fv2%2Fcategories&post=591"},{"taxonomy":"post_tag","embeddable":true,"href":"https:\/\/www.schule-kell.de\/index.php?rest_route=%2Fwp%2Fv2%2Ftags&post=591"}],"curies":[{"name":"wp","href":"https:\/\/api.w.org\/{rel}","templated":true}]}}