{"id":2584,"date":"2025-11-04T09:30:31","date_gmt":"2025-11-04T09:30:31","guid":{"rendered":"https:\/\/www.schule-kell.de\/?p=2584"},"modified":"2025-11-04T09:30:31","modified_gmt":"2025-11-04T09:30:31","slug":"hoch-hinaus","status":"publish","type":"post","link":"https:\/\/www.schule-kell.de\/?p=2584","title":{"rendered":"Hoch hinaus&#8230;"},"content":{"rendered":"\n<p>Im Rahmen der Bauma\u00dfnahmen wird nun in den Herbst- und Wintermonaten der Baumschutz in Angriff genommen. Auf dem Gel\u00e4nde der Schule befindet sich ein wundersch\u00f6ner Baumbestand, der auch nach dem Neubau erhalten sein wird. Als BNE-Schule freuen wir uns sehr dar\u00fcber.<\/p>\n\n\n\n<p>Aktuell finden Schmittma\u00dfnahmen statt und es werden Wurzelsperren errichtet, damit der alte Bestand die Bauma\u00dfnahmen gut \u00fcbersteht.<\/p>\n\n\n\n<figure class=\"wp-block-image size-large\"><img loading=\"lazy\" decoding=\"async\" width=\"768\" height=\"1024\" src=\"https:\/\/www.schule-kell.de\/wp-content\/uploads\/2025\/11\/Baumschnitt-768x1024.jpg\" alt=\"\" class=\"wp-image-2585\"\/><\/figure>\n","protected":false},"excerpt":{"rendered":"<p>Im Rahmen der Bauma\u00dfnahmen wird nun in den Herbst- und Wintermonaten der Baumschutz in Angriff genommen. Auf dem Gel\u00e4nde der Schule befindet sich ein wundersch\u00f6ner Baumbestand, der auch nach dem Neubau erhalten sein wird. Als BNE-Schule freuen wir uns sehr dar\u00fcber. Aktuell finden Schmittma\u00dfnahmen statt und es werden Wurzelsperren errichtet, damit der alte Bestand die [&hellip;]<\/p>\n","protected":false},"author":4,"featured_media":2585,"comment_status":"open","ping_status":"open","sticky":false,"template":"","format":"standard","meta":{"_et_pb_use_builder":"off","_et_pb_old_content":"","_et_gb_content_width":"","footnotes":""},"categories":[3,4],"tags":[],"class_list":["post-2584","post","type-post","status-publish","format-standard","has-post-thumbnail","hentry","category-aktuelles","category-bautagebuch"],"_links":{"self":[{"href":"https:\/\/www.schule-kell.de\/index.php?rest_route=\/wp\/v2\/posts\/2584","targetHints":{"allow":["GET"]}}],"collection":[{"href":"https:\/\/www.schule-kell.de\/index.php?rest_route=\/wp\/v2\/posts"}],"about":[{"href":"https:\/\/www.schule-kell.de\/index.php?rest_route=\/wp\/v2\/types\/post"}],"author":[{"embeddable":true,"href":"https:\/\/www.schule-kell.de\/index.php?rest_route=\/wp\/v2\/users\/4"}],"replies":[{"embeddable":true,"href":"https:\/\/www.schule-kell.de\/index.php?rest_route=%2Fwp%2Fv2%2Fcomments&post=2584"}],"version-history":[{"count":1,"href":"https:\/\/www.schule-kell.de\/index.php?rest_route=\/wp\/v2\/posts\/2584\/revisions"}],"predecessor-version":[{"id":2586,"href":"https:\/\/www.schule-kell.de\/index.php?rest_route=\/wp\/v2\/posts\/2584\/revisions\/2586"}],"wp:featuredmedia":[{"embeddable":true,"href":"https:\/\/www.schule-kell.de\/index.php?rest_route=\/wp\/v2\/media\/2585"}],"wp:attachment":[{"href":"https:\/\/www.schule-kell.de\/index.php?rest_route=%2Fwp%2Fv2%2Fmedia&parent=2584"}],"wp:term":[{"taxonomy":"category","embeddable":true,"href":"https:\/\/www.schule-kell.de\/index.php?rest_route=%2Fwp%2Fv2%2Fcategories&post=2584"},{"taxonomy":"post_tag","embeddable":true,"href":"https:\/\/www.schule-kell.de\/index.php?rest_route=%2Fwp%2Fv2%2Ftags&post=2584"}],"curies":[{"name":"wp","href":"https:\/\/api.w.org\/{rel}","templated":true}]}}