{"id":2543,"date":"2025-08-27T06:14:00","date_gmt":"2025-08-27T06:14:00","guid":{"rendered":"https:\/\/www.schule-kell.de\/?p=2543"},"modified":"2025-08-27T11:49:01","modified_gmt":"2025-08-27T11:49:01","slug":"baustellensituation-und-bustransport","status":"publish","type":"post","link":"https:\/\/www.schule-kell.de\/?p=2543","title":{"rendered":"Baustellensituation und Bustransport"},"content":{"rendered":"\n<p>Liebe Sch\u00fcler*innen,<\/p>\n\n\n\n<p>liebe Eltern und Erziehungsberechtigte,<\/p>\n\n\n\n<p>aufgrund <strong>zahlreicher Baustellen und Stra\u00dfensperrungen<\/strong> im Umkreis der Schule kommt es aktuell vermehrt zu (teilweise erheblichen) Versp\u00e4tungen im Sch\u00fcler*innentransport. Diese Situation ist sowohl f\u00fcr Sch\u00fcler*innen und Eltern, f\u00fcr uns als Schule, aber auch insbesondere f\u00fcr die fahrenden Verkehrsunternehmen \u00e4u\u00dferst belastend.<\/p>\n\n\n\n<p>Ein erster L\u00f6sungsansatz seitens des Verkehrsunternehmens ist dankenswerterweise gefunden: Die Routen der Linien 238 und 240 werden ab sofort angepasst.<\/p>\n\n\n\n<p>Die <strong>Linie 238<\/strong> f\u00e4hrt werktags morgens um <strong>06.55 Uhr in Serrig<\/strong> ab, nimmt die Sch\u00fclerinnen und Sch\u00fcler in <strong>Greimerath<\/strong> auf (07:10 Uhr, 07:11 Uhr, 07:13 Uhr und 07:19 Uhr &#8211; die vier bekannten Haltestellen) und f\u00e4hrt dann auf dem direkten Weg zur Schule durch.<\/p>\n\n\n\n<p>Anschlie\u00dfend f\u00e4hrt die <strong>Linie 238 Mandern<\/strong> (07:49 Uhr), Mandern Niederkeil (07:52 Uhr), <strong>Waldweiler<\/strong> Kirche (07:54 Uhr) und Waldweiler Steinberger Str. (07:55 Uhr) an und bringt die Sch\u00fclerinnen und Sch\u00fcler direkt zu Schule.<\/p>\n\n\n\n<p>Nach Schulschluss f\u00e4hrt die Linie 240 von Kell am See nach Saarburg um 13.25 Uhr an der Schule ab und bringt die Sch\u00fclerinnen und Sch\u00fcler, die auf den Zug in Saarburg angewiesen sind, zuerst dorthin (14:02 Uhr), bevor die Haltestelle &#8222;Heckingplatz&#8220; um 14.06 Uhr angefahren wird.<\/p>\n\n\n\n<p>Wir hoffen, dass diese Routenanpasung Entspannung in den Sch\u00fcler*innentransport bringt und so der Schulvormittag ruhiger beginnen kann.<\/p>\n\n\n\n<p>Sebastian Stra\u00dfer<\/p>\n\n\n\n<p>(Schulleiter)<\/p>\n","protected":false},"excerpt":{"rendered":"<p>Liebe Sch\u00fcler*innen, liebe Eltern und Erziehungsberechtigte, aufgrund zahlreicher Baustellen und Stra\u00dfensperrungen im Umkreis der Schule kommt es aktuell vermehrt zu (teilweise erheblichen) Versp\u00e4tungen im Sch\u00fcler*innentransport. Diese Situation ist sowohl f\u00fcr Sch\u00fcler*innen und Eltern, f\u00fcr uns als Schule, aber auch insbesondere f\u00fcr die fahrenden Verkehrsunternehmen \u00e4u\u00dferst belastend. Ein erster L\u00f6sungsansatz seitens des Verkehrsunternehmens ist dankenswerterweise gefunden: [&hellip;]<\/p>\n","protected":false},"author":4,"featured_media":2544,"comment_status":"open","ping_status":"open","sticky":false,"template":"","format":"standard","meta":{"_et_pb_use_builder":"off","_et_pb_old_content":"","_et_gb_content_width":"","footnotes":""},"categories":[3],"tags":[],"class_list":["post-2543","post","type-post","status-publish","format-standard","has-post-thumbnail","hentry","category-aktuelles"],"_links":{"self":[{"href":"https:\/\/www.schule-kell.de\/index.php?rest_route=\/wp\/v2\/posts\/2543","targetHints":{"allow":["GET"]}}],"collection":[{"href":"https:\/\/www.schule-kell.de\/index.php?rest_route=\/wp\/v2\/posts"}],"about":[{"href":"https:\/\/www.schule-kell.de\/index.php?rest_route=\/wp\/v2\/types\/post"}],"author":[{"embeddable":true,"href":"https:\/\/www.schule-kell.de\/index.php?rest_route=\/wp\/v2\/users\/4"}],"replies":[{"embeddable":true,"href":"https:\/\/www.schule-kell.de\/index.php?rest_route=%2Fwp%2Fv2%2Fcomments&post=2543"}],"version-history":[{"count":2,"href":"https:\/\/www.schule-kell.de\/index.php?rest_route=\/wp\/v2\/posts\/2543\/revisions"}],"predecessor-version":[{"id":2547,"href":"https:\/\/www.schule-kell.de\/index.php?rest_route=\/wp\/v2\/posts\/2543\/revisions\/2547"}],"wp:featuredmedia":[{"embeddable":true,"href":"https:\/\/www.schule-kell.de\/index.php?rest_route=\/wp\/v2\/media\/2544"}],"wp:attachment":[{"href":"https:\/\/www.schule-kell.de\/index.php?rest_route=%2Fwp%2Fv2%2Fmedia&parent=2543"}],"wp:term":[{"taxonomy":"category","embeddable":true,"href":"https:\/\/www.schule-kell.de\/index.php?rest_route=%2Fwp%2Fv2%2Fcategories&post=2543"},{"taxonomy":"post_tag","embeddable":true,"href":"https:\/\/www.schule-kell.de\/index.php?rest_route=%2Fwp%2Fv2%2Ftags&post=2543"}],"curies":[{"name":"wp","href":"https:\/\/api.w.org\/{rel}","templated":true}]}}