{"id":2498,"date":"2025-07-14T09:05:57","date_gmt":"2025-07-14T09:05:57","guid":{"rendered":"https:\/\/www.schule-kell.de\/?p=2498"},"modified":"2025-07-14T09:05:59","modified_gmt":"2025-07-14T09:05:59","slug":"ferien-nicht-auf-der-baustelle","status":"publish","type":"post","link":"https:\/\/www.schule-kell.de\/?p=2498","title":{"rendered":"Ferien? &#8211; Nicht auf der Baustelle&#8230;"},"content":{"rendered":"\n<p>Mit Beginn der zweiten Ferienwoche staunt man nicht schlecht, wenn man sich dem Schulgeb\u00e4ude n\u00e4hert: Bereits in der ersten Woche der Sommerferien ist auf der Baustelle wahnsinnig viel passiert&#8230;<\/p>\n\n\n\n<p>Die Geb\u00e4udefront in Richtung des Baufeldes f\u00fcr den Neubau ist bereits an vielen Stellen verschlossen. Im oberen Stockwerk wurde hierzu auch das erste gro\u00dfe, alte Fensterelement entfernt. <\/p>\n\n\n\n<p>Im Erdgeschoss ist bereits ein Durchbruch f\u00fcr die neue Eingangst\u00fcr vorbereitet, die zur ebenfalls neuen Schulhoffl\u00e4che f\u00fchrt. Dort sind die Arbeiten fast beendet. Im Anschluss wird hier wieder begr\u00fcnt und eingepflanzt.<\/p>\n\n\n\n<figure class=\"wp-block-gallery has-nested-images columns-default is-cropped wp-block-gallery-1 is-layout-flex wp-block-gallery-is-layout-flex\">\n<figure class=\"wp-block-image size-large\"><img loading=\"lazy\" decoding=\"async\" width=\"768\" height=\"1024\" data-id=\"2502\" src=\"https:\/\/www.schule-kell.de\/wp-content\/uploads\/2025\/07\/IMG_20250714_103141-768x1024.jpg\" alt=\"\" class=\"wp-image-2502\"\/><\/figure>\n\n\n\n<figure class=\"wp-block-image size-large\"><img loading=\"lazy\" decoding=\"async\" width=\"1024\" height=\"768\" data-id=\"2501\" src=\"https:\/\/www.schule-kell.de\/wp-content\/uploads\/2025\/07\/IMG_20250714_103221-1024x768.jpg\" alt=\"\" class=\"wp-image-2501\" srcset=\"https:\/\/www.schule-kell.de\/wp-content\/uploads\/2025\/07\/IMG_20250714_103221-980x735.jpg 980w, https:\/\/www.schule-kell.de\/wp-content\/uploads\/2025\/07\/IMG_20250714_103221-480x360.jpg 480w\" sizes=\"auto, (min-width: 0px) and (max-width: 480px) 480px, (min-width: 481px) and (max-width: 980px) 980px, (min-width: 981px) 1024px, 100vw\" \/><\/figure>\n\n\n\n<figure class=\"wp-block-image size-large\"><img loading=\"lazy\" decoding=\"async\" width=\"1024\" height=\"768\" data-id=\"2500\" src=\"https:\/\/www.schule-kell.de\/wp-content\/uploads\/2025\/07\/IMG_20250714_103230-1024x768.jpg\" alt=\"\" class=\"wp-image-2500\" srcset=\"https:\/\/www.schule-kell.de\/wp-content\/uploads\/2025\/07\/IMG_20250714_103230-980x735.jpg 980w, https:\/\/www.schule-kell.de\/wp-content\/uploads\/2025\/07\/IMG_20250714_103230-480x360.jpg 480w\" sizes=\"auto, (min-width: 0px) and (max-width: 480px) 480px, (min-width: 481px) and (max-width: 980px) 980px, (min-width: 981px) 1024px, 100vw\" \/><\/figure>\n\n\n\n<figure class=\"wp-block-image size-large\"><img loading=\"lazy\" decoding=\"async\" width=\"1024\" height=\"768\" data-id=\"2503\" src=\"https:\/\/www.schule-kell.de\/wp-content\/uploads\/2025\/07\/IMG_20250714_103330-1024x768.jpg\" alt=\"\" class=\"wp-image-2503\" srcset=\"https:\/\/www.schule-kell.de\/wp-content\/uploads\/2025\/07\/IMG_20250714_103330-980x735.jpg 980w, https:\/\/www.schule-kell.de\/wp-content\/uploads\/2025\/07\/IMG_20250714_103330-480x360.jpg 480w\" sizes=\"auto, (min-width: 0px) and (max-width: 480px) 480px, (min-width: 481px) and (max-width: 980px) 980px, (min-width: 981px) 1024px, 100vw\" \/><\/figure>\n\n\n\n<figure class=\"wp-block-image size-large\"><img loading=\"lazy\" decoding=\"async\" width=\"1024\" height=\"768\" data-id=\"2504\" src=\"https:\/\/www.schule-kell.de\/wp-content\/uploads\/2025\/07\/IMG_20250714_103536-1024x768.jpg\" alt=\"\" class=\"wp-image-2504\" srcset=\"https:\/\/www.schule-kell.de\/wp-content\/uploads\/2025\/07\/IMG_20250714_103536-980x735.jpg 980w, https:\/\/www.schule-kell.de\/wp-content\/uploads\/2025\/07\/IMG_20250714_103536-480x360.jpg 480w\" sizes=\"auto, (min-width: 0px) and (max-width: 480px) 480px, (min-width: 481px) and (max-width: 980px) 980px, (min-width: 981px) 1024px, 100vw\" \/><\/figure>\n\n\n\n<figure class=\"wp-block-image size-large\"><img loading=\"lazy\" decoding=\"async\" width=\"768\" height=\"1024\" data-id=\"2505\" src=\"https:\/\/www.schule-kell.de\/wp-content\/uploads\/2025\/07\/IMG_20250714_105953-768x1024.jpg\" alt=\"\" class=\"wp-image-2505\"\/><\/figure>\n<\/figure>\n","protected":false},"excerpt":{"rendered":"<p>Mit Beginn der zweiten Ferienwoche staunt man nicht schlecht, wenn man sich dem Schulgeb\u00e4ude n\u00e4hert: Bereits in der ersten Woche der Sommerferien ist auf der Baustelle wahnsinnig viel passiert&#8230; Die Geb\u00e4udefront in Richtung des Baufeldes f\u00fcr den Neubau ist bereits an vielen Stellen verschlossen. Im oberen Stockwerk wurde hierzu auch das erste gro\u00dfe, alte Fensterelement [&hellip;]<\/p>\n","protected":false},"author":4,"featured_media":2503,"comment_status":"open","ping_status":"open","sticky":false,"template":"","format":"standard","meta":{"_et_pb_use_builder":"off","_et_pb_old_content":"","_et_gb_content_width":"","footnotes":""},"categories":[3,4],"tags":[],"class_list":["post-2498","post","type-post","status-publish","format-standard","has-post-thumbnail","hentry","category-aktuelles","category-bautagebuch"],"_links":{"self":[{"href":"https:\/\/www.schule-kell.de\/index.php?rest_route=\/wp\/v2\/posts\/2498","targetHints":{"allow":["GET"]}}],"collection":[{"href":"https:\/\/www.schule-kell.de\/index.php?rest_route=\/wp\/v2\/posts"}],"about":[{"href":"https:\/\/www.schule-kell.de\/index.php?rest_route=\/wp\/v2\/types\/post"}],"author":[{"embeddable":true,"href":"https:\/\/www.schule-kell.de\/index.php?rest_route=\/wp\/v2\/users\/4"}],"replies":[{"embeddable":true,"href":"https:\/\/www.schule-kell.de\/index.php?rest_route=%2Fwp%2Fv2%2Fcomments&post=2498"}],"version-history":[{"count":1,"href":"https:\/\/www.schule-kell.de\/index.php?rest_route=\/wp\/v2\/posts\/2498\/revisions"}],"predecessor-version":[{"id":2506,"href":"https:\/\/www.schule-kell.de\/index.php?rest_route=\/wp\/v2\/posts\/2498\/revisions\/2506"}],"wp:featuredmedia":[{"embeddable":true,"href":"https:\/\/www.schule-kell.de\/index.php?rest_route=\/wp\/v2\/media\/2503"}],"wp:attachment":[{"href":"https:\/\/www.schule-kell.de\/index.php?rest_route=%2Fwp%2Fv2%2Fmedia&parent=2498"}],"wp:term":[{"taxonomy":"category","embeddable":true,"href":"https:\/\/www.schule-kell.de\/index.php?rest_route=%2Fwp%2Fv2%2Fcategories&post=2498"},{"taxonomy":"post_tag","embeddable":true,"href":"https:\/\/www.schule-kell.de\/index.php?rest_route=%2Fwp%2Fv2%2Ftags&post=2498"}],"curies":[{"name":"wp","href":"https:\/\/api.w.org\/{rel}","templated":true}]}}