{"id":2485,"date":"2025-07-01T07:49:44","date_gmt":"2025-07-01T07:49:44","guid":{"rendered":"https:\/\/www.schule-kell.de\/?p=2485"},"modified":"2025-07-01T07:49:46","modified_gmt":"2025-07-01T07:49:46","slug":"start-der-arbeiten-im-hauptgebaeude","status":"publish","type":"post","link":"https:\/\/www.schule-kell.de\/?p=2485","title":{"rendered":"Start der Arbeiten im Hauptgeb\u00e4ude"},"content":{"rendered":"\n<p>Alle unsere Sch\u00fcler*innen freuen sich aktuell \u00fcber die Exkursionswoche vor den Sommerferien. Parallel geht&#8217;s in der Schule ordentlich zur Sache. Da alle Sch\u00fcler*innen au\u00dfer Haus sind, k\u00f6nnen im Geb\u00e4ude bereits die Arbeiten beginnen. Und hierbei geht es richtig rund:<\/p>\n\n\n\n<p>Zun\u00e4chst m\u00fcssen alle Bereiche abgedeckt werden. Anschlie\u00dfend werden alle Fenster und T\u00fcren in Richtung Schulhof fachm\u00e4nnisch verschlossen und neue Eing\u00e4nge werden hergestellt. Zudem wird die Bushaltestelle verlegt, damit alle unsere Sch\u00fcler*innen sicher und fernab des Baufeldes auf das Schulgel\u00e4nde gelangen k\u00f6nnen. Bleibt gespannt!<\/p>\n\n\n\n<figure class=\"wp-block-gallery has-nested-images columns-default is-cropped wp-block-gallery-1 is-layout-flex wp-block-gallery-is-layout-flex\">\n<figure class=\"wp-block-image size-large\"><img loading=\"lazy\" decoding=\"async\" width=\"768\" height=\"1024\" data-id=\"2488\" src=\"https:\/\/www.schule-kell.de\/wp-content\/uploads\/2025\/07\/IMG_20250701_093153-768x1024.jpg\" alt=\"\" class=\"wp-image-2488\"\/><\/figure>\n\n\n\n<figure class=\"wp-block-image size-large\"><img loading=\"lazy\" decoding=\"async\" width=\"768\" height=\"1024\" data-id=\"2486\" src=\"https:\/\/www.schule-kell.de\/wp-content\/uploads\/2025\/07\/IMG_20250701_093216-768x1024.jpg\" alt=\"\" class=\"wp-image-2486\"\/><\/figure>\n\n\n\n<figure class=\"wp-block-image size-large\"><img loading=\"lazy\" decoding=\"async\" width=\"768\" height=\"1024\" data-id=\"2487\" src=\"https:\/\/www.schule-kell.de\/wp-content\/uploads\/2025\/07\/IMG_20250701_093227-768x1024.jpg\" alt=\"\" class=\"wp-image-2487\"\/><\/figure>\n<\/figure>\n","protected":false},"excerpt":{"rendered":"<p>Alle unsere Sch\u00fcler*innen freuen sich aktuell \u00fcber die Exkursionswoche vor den Sommerferien. Parallel geht&#8217;s in der Schule ordentlich zur Sache. Da alle Sch\u00fcler*innen au\u00dfer Haus sind, k\u00f6nnen im Geb\u00e4ude bereits die Arbeiten beginnen. Und hierbei geht es richtig rund: Zun\u00e4chst m\u00fcssen alle Bereiche abgedeckt werden. Anschlie\u00dfend werden alle Fenster und T\u00fcren in Richtung Schulhof fachm\u00e4nnisch [&hellip;]<\/p>\n","protected":false},"author":4,"featured_media":2488,"comment_status":"open","ping_status":"open","sticky":false,"template":"","format":"standard","meta":{"_et_pb_use_builder":"off","_et_pb_old_content":"","_et_gb_content_width":"","footnotes":""},"categories":[3,4],"tags":[],"class_list":["post-2485","post","type-post","status-publish","format-standard","has-post-thumbnail","hentry","category-aktuelles","category-bautagebuch"],"_links":{"self":[{"href":"https:\/\/www.schule-kell.de\/index.php?rest_route=\/wp\/v2\/posts\/2485","targetHints":{"allow":["GET"]}}],"collection":[{"href":"https:\/\/www.schule-kell.de\/index.php?rest_route=\/wp\/v2\/posts"}],"about":[{"href":"https:\/\/www.schule-kell.de\/index.php?rest_route=\/wp\/v2\/types\/post"}],"author":[{"embeddable":true,"href":"https:\/\/www.schule-kell.de\/index.php?rest_route=\/wp\/v2\/users\/4"}],"replies":[{"embeddable":true,"href":"https:\/\/www.schule-kell.de\/index.php?rest_route=%2Fwp%2Fv2%2Fcomments&post=2485"}],"version-history":[{"count":1,"href":"https:\/\/www.schule-kell.de\/index.php?rest_route=\/wp\/v2\/posts\/2485\/revisions"}],"predecessor-version":[{"id":2489,"href":"https:\/\/www.schule-kell.de\/index.php?rest_route=\/wp\/v2\/posts\/2485\/revisions\/2489"}],"wp:featuredmedia":[{"embeddable":true,"href":"https:\/\/www.schule-kell.de\/index.php?rest_route=\/wp\/v2\/media\/2488"}],"wp:attachment":[{"href":"https:\/\/www.schule-kell.de\/index.php?rest_route=%2Fwp%2Fv2%2Fmedia&parent=2485"}],"wp:term":[{"taxonomy":"category","embeddable":true,"href":"https:\/\/www.schule-kell.de\/index.php?rest_route=%2Fwp%2Fv2%2Fcategories&post=2485"},{"taxonomy":"post_tag","embeddable":true,"href":"https:\/\/www.schule-kell.de\/index.php?rest_route=%2Fwp%2Fv2%2Ftags&post=2485"}],"curies":[{"name":"wp","href":"https:\/\/api.w.org\/{rel}","templated":true}]}}