{"id":2482,"date":"2025-06-26T07:36:27","date_gmt":"2025-06-26T07:36:27","guid":{"rendered":"https:\/\/www.schule-kell.de\/?p=2482"},"modified":"2025-07-01T07:40:18","modified_gmt":"2025-07-01T07:40:18","slug":"der-neue-schulhof-nimmt-gestalt-an","status":"publish","type":"post","link":"https:\/\/www.schule-kell.de\/?p=2482","title":{"rendered":"Der neue Schulhof nimmt Gestalt an"},"content":{"rendered":"\n<p>Bei bestem Wetter starten die finalen Arbeiten f\u00fcr den neuen Schulhof. Die B\u00e4ume sind bereits gepflanzt und der Belag wird eingebaut. Neben einer Fl\u00e4che f\u00fcr Fu\u00dfball &amp; Co. wird es eine umweltfreundliche, wasserdurchl\u00e4ssige Fl\u00e4che geben, die unter den neuen B\u00e4umen mit Sitzm\u00f6beln zum Verweilen einl\u00e4dt.<\/p>\n\n\n\n<figure class=\"wp-block-image size-large\"><img loading=\"lazy\" decoding=\"async\" width=\"1024\" height=\"768\" src=\"https:\/\/www.schule-kell.de\/wp-content\/uploads\/2025\/07\/IMG_20250701_093425-1024x768.jpg\" alt=\"\" class=\"wp-image-2483\" srcset=\"https:\/\/www.schule-kell.de\/wp-content\/uploads\/2025\/07\/IMG_20250701_093425-980x735.jpg 980w, https:\/\/www.schule-kell.de\/wp-content\/uploads\/2025\/07\/IMG_20250701_093425-480x360.jpg 480w\" sizes=\"auto, (min-width: 0px) and (max-width: 480px) 480px, (min-width: 481px) and (max-width: 980px) 980px, (min-width: 981px) 1024px, 100vw\" \/><\/figure>\n","protected":false},"excerpt":{"rendered":"<p>Bei bestem Wetter starten die finalen Arbeiten f\u00fcr den neuen Schulhof. Die B\u00e4ume sind bereits gepflanzt und der Belag wird eingebaut. Neben einer Fl\u00e4che f\u00fcr Fu\u00dfball &amp; Co. wird es eine umweltfreundliche, wasserdurchl\u00e4ssige Fl\u00e4che geben, die unter den neuen B\u00e4umen mit Sitzm\u00f6beln zum Verweilen einl\u00e4dt.<\/p>\n","protected":false},"author":4,"featured_media":2483,"comment_status":"open","ping_status":"open","sticky":false,"template":"","format":"standard","meta":{"_et_pb_use_builder":"off","_et_pb_old_content":"","_et_gb_content_width":"","footnotes":""},"categories":[4],"tags":[],"class_list":["post-2482","post","type-post","status-publish","format-standard","has-post-thumbnail","hentry","category-bautagebuch"],"_links":{"self":[{"href":"https:\/\/www.schule-kell.de\/index.php?rest_route=\/wp\/v2\/posts\/2482","targetHints":{"allow":["GET"]}}],"collection":[{"href":"https:\/\/www.schule-kell.de\/index.php?rest_route=\/wp\/v2\/posts"}],"about":[{"href":"https:\/\/www.schule-kell.de\/index.php?rest_route=\/wp\/v2\/types\/post"}],"author":[{"embeddable":true,"href":"https:\/\/www.schule-kell.de\/index.php?rest_route=\/wp\/v2\/users\/4"}],"replies":[{"embeddable":true,"href":"https:\/\/www.schule-kell.de\/index.php?rest_route=%2Fwp%2Fv2%2Fcomments&post=2482"}],"version-history":[{"count":1,"href":"https:\/\/www.schule-kell.de\/index.php?rest_route=\/wp\/v2\/posts\/2482\/revisions"}],"predecessor-version":[{"id":2484,"href":"https:\/\/www.schule-kell.de\/index.php?rest_route=\/wp\/v2\/posts\/2482\/revisions\/2484"}],"wp:featuredmedia":[{"embeddable":true,"href":"https:\/\/www.schule-kell.de\/index.php?rest_route=\/wp\/v2\/media\/2483"}],"wp:attachment":[{"href":"https:\/\/www.schule-kell.de\/index.php?rest_route=%2Fwp%2Fv2%2Fmedia&parent=2482"}],"wp:term":[{"taxonomy":"category","embeddable":true,"href":"https:\/\/www.schule-kell.de\/index.php?rest_route=%2Fwp%2Fv2%2Fcategories&post=2482"},{"taxonomy":"post_tag","embeddable":true,"href":"https:\/\/www.schule-kell.de\/index.php?rest_route=%2Fwp%2Fv2%2Ftags&post=2482"}],"curies":[{"name":"wp","href":"https:\/\/api.w.org\/{rel}","templated":true}]}}