{"id":2459,"date":"2025-06-03T07:51:09","date_gmt":"2025-06-03T07:51:09","guid":{"rendered":"https:\/\/www.schule-kell.de\/?p=2459"},"modified":"2025-06-03T07:51:11","modified_gmt":"2025-06-03T07:51:11","slug":"weitere-tiefbauarbeiten-abgeschlossen","status":"publish","type":"post","link":"https:\/\/www.schule-kell.de\/?p=2459","title":{"rendered":"Weitere Tiefbauarbeiten abgeschlossen"},"content":{"rendered":"\n<p>Mit Volldampf gehen die Bauarbeiten im Tiefbau voran. In den letzten Wochen wurden die Geothermiebohrungen fertiggestellt, Leitungen verlegt und Pflasterarbeiten durchgef\u00fchrt. Heute nun wurde unter Einsatz eines gro\u00dfen Krans der gro\u00dfz\u00fcgige Revisionsschacht gesetzt, der die Leitungen der Geothermie zusammenf\u00fchrt. Nach Abschluss dieser Arbeit wird die Fl\u00e4che des Schulhofes weiter in Richtung Endzustand hergestellt.<\/p>\n\n\n\n<figure class=\"wp-block-gallery has-nested-images columns-default is-cropped wp-block-gallery-1 is-layout-flex wp-block-gallery-is-layout-flex\">\n<figure class=\"wp-block-image size-large\"><img loading=\"lazy\" decoding=\"async\" width=\"768\" height=\"1024\" data-id=\"2460\" src=\"https:\/\/www.schule-kell.de\/wp-content\/uploads\/2025\/06\/1748936572261-768x1024.jpg\" alt=\"\" class=\"wp-image-2460\"\/><\/figure>\n\n\n\n<figure class=\"wp-block-image size-large\"><img loading=\"lazy\" decoding=\"async\" width=\"1024\" height=\"768\" data-id=\"2461\" src=\"https:\/\/www.schule-kell.de\/wp-content\/uploads\/2025\/06\/1748936572285-1024x768.jpg\" alt=\"\" class=\"wp-image-2461\" srcset=\"https:\/\/www.schule-kell.de\/wp-content\/uploads\/2025\/06\/1748936572285-980x735.jpg 980w, https:\/\/www.schule-kell.de\/wp-content\/uploads\/2025\/06\/1748936572285-480x360.jpg 480w\" sizes=\"auto, (min-width: 0px) and (max-width: 480px) 480px, (min-width: 481px) and (max-width: 980px) 980px, (min-width: 981px) 1024px, 100vw\" \/><\/figure>\n\n\n\n<figure class=\"wp-block-image size-large\"><img loading=\"lazy\" decoding=\"async\" width=\"768\" height=\"1024\" data-id=\"2462\" src=\"https:\/\/www.schule-kell.de\/wp-content\/uploads\/2025\/06\/1748936572307-768x1024.jpg\" alt=\"\" class=\"wp-image-2462\"\/><\/figure>\n<\/figure>\n","protected":false},"excerpt":{"rendered":"<p>Mit Volldampf gehen die Bauarbeiten im Tiefbau voran. In den letzten Wochen wurden die Geothermiebohrungen fertiggestellt, Leitungen verlegt und Pflasterarbeiten durchgef\u00fchrt. Heute nun wurde unter Einsatz eines gro\u00dfen Krans der gro\u00dfz\u00fcgige Revisionsschacht gesetzt, der die Leitungen der Geothermie zusammenf\u00fchrt. Nach Abschluss dieser Arbeit wird die Fl\u00e4che des Schulhofes weiter in Richtung Endzustand hergestellt.<\/p>\n","protected":false},"author":4,"featured_media":2460,"comment_status":"open","ping_status":"open","sticky":false,"template":"","format":"standard","meta":{"_et_pb_use_builder":"off","_et_pb_old_content":"","_et_gb_content_width":"","footnotes":""},"categories":[3,4],"tags":[],"class_list":["post-2459","post","type-post","status-publish","format-standard","has-post-thumbnail","hentry","category-aktuelles","category-bautagebuch"],"_links":{"self":[{"href":"https:\/\/www.schule-kell.de\/index.php?rest_route=\/wp\/v2\/posts\/2459","targetHints":{"allow":["GET"]}}],"collection":[{"href":"https:\/\/www.schule-kell.de\/index.php?rest_route=\/wp\/v2\/posts"}],"about":[{"href":"https:\/\/www.schule-kell.de\/index.php?rest_route=\/wp\/v2\/types\/post"}],"author":[{"embeddable":true,"href":"https:\/\/www.schule-kell.de\/index.php?rest_route=\/wp\/v2\/users\/4"}],"replies":[{"embeddable":true,"href":"https:\/\/www.schule-kell.de\/index.php?rest_route=%2Fwp%2Fv2%2Fcomments&post=2459"}],"version-history":[{"count":1,"href":"https:\/\/www.schule-kell.de\/index.php?rest_route=\/wp\/v2\/posts\/2459\/revisions"}],"predecessor-version":[{"id":2463,"href":"https:\/\/www.schule-kell.de\/index.php?rest_route=\/wp\/v2\/posts\/2459\/revisions\/2463"}],"wp:featuredmedia":[{"embeddable":true,"href":"https:\/\/www.schule-kell.de\/index.php?rest_route=\/wp\/v2\/media\/2460"}],"wp:attachment":[{"href":"https:\/\/www.schule-kell.de\/index.php?rest_route=%2Fwp%2Fv2%2Fmedia&parent=2459"}],"wp:term":[{"taxonomy":"category","embeddable":true,"href":"https:\/\/www.schule-kell.de\/index.php?rest_route=%2Fwp%2Fv2%2Fcategories&post=2459"},{"taxonomy":"post_tag","embeddable":true,"href":"https:\/\/www.schule-kell.de\/index.php?rest_route=%2Fwp%2Fv2%2Ftags&post=2459"}],"curies":[{"name":"wp","href":"https:\/\/api.w.org\/{rel}","templated":true}]}}