{"id":2434,"date":"2025-04-03T07:44:13","date_gmt":"2025-04-03T07:44:13","guid":{"rendered":"https:\/\/www.schule-kell.de\/?p=2434"},"modified":"2025-04-03T07:44:14","modified_gmt":"2025-04-03T07:44:14","slug":"neubau-update-der-tiefbau-beginnt","status":"publish","type":"post","link":"https:\/\/www.schule-kell.de\/?p=2434","title":{"rendered":"Neubau-Update: Der Tiefbau beginnt&#8230;"},"content":{"rendered":"\n<p>Mit den ersten Sonnenstrahlen des Jahres starten auch die Arbeiten f\u00fcr den Neubau der Schule wieder. Zu Beginn des Monats April begannen die Tiefbauarbeiten f\u00fcr den Ausweichschulhof im Bereich der Bartholom\u00e4usstra\u00dfe. Neben einer wasserdurchl\u00e4ssigen Spielfl\u00e4che mit Tischtennisplatten und Sitzgelegenheiten entsteht zudem ein Kleinspielfeld f\u00fcr Fu\u00dfball, Basketball &amp; Co. Dar\u00fcber hinaus entsteht eine sichere und gut erreichbare tempor\u00e4re Bushaltestelle, die unsere Sch\u00fcler*innen auch in der Bauphase sicher zur Schule geleitet.<\/p>\n\n\n\n<p>Bis zu den Sommerferien werden diese Arbeiten abgeschlossen sein. In den Sommerferien geht&#8217;s im Bestandsgeb\u00e4ude weiter. Seid gespannt&#8230;<\/p>\n\n\n\n<p>Ein herzliches Dankesch\u00f6n geht an alle an der Planung und Durchf\u00fchrung beteiligten Partner*innen! <\/p>\n\n\n\n<div class=\"wp-block-columns is-layout-flex wp-container-core-columns-is-layout-9d6595d7 wp-block-columns-is-layout-flex\">\n<div class=\"wp-block-column is-layout-flow wp-block-column-is-layout-flow\" style=\"flex-basis:100%\">\n<figure class=\"wp-block-gallery has-nested-images columns-default is-cropped wp-block-gallery-1 is-layout-flex wp-block-gallery-is-layout-flex\">\n<figure class=\"wp-block-image size-large\"><img loading=\"lazy\" decoding=\"async\" width=\"1024\" height=\"768\" data-id=\"2436\" src=\"https:\/\/www.schule-kell.de\/wp-content\/uploads\/2025\/04\/1743666051050-1024x768.jpg\" alt=\"\" class=\"wp-image-2436\" srcset=\"https:\/\/www.schule-kell.de\/wp-content\/uploads\/2025\/04\/1743666051050-980x735.jpg 980w, https:\/\/www.schule-kell.de\/wp-content\/uploads\/2025\/04\/1743666051050-480x360.jpg 480w\" sizes=\"auto, (min-width: 0px) and (max-width: 480px) 480px, (min-width: 481px) and (max-width: 980px) 980px, (min-width: 981px) 1024px, 100vw\" \/><\/figure>\n\n\n\n<figure class=\"wp-block-image size-large\"><img loading=\"lazy\" decoding=\"async\" width=\"1024\" height=\"768\" data-id=\"2438\" src=\"https:\/\/www.schule-kell.de\/wp-content\/uploads\/2025\/04\/1743666069399-1024x768.jpg\" alt=\"\" class=\"wp-image-2438\" srcset=\"https:\/\/www.schule-kell.de\/wp-content\/uploads\/2025\/04\/1743666069399-980x735.jpg 980w, https:\/\/www.schule-kell.de\/wp-content\/uploads\/2025\/04\/1743666069399-480x360.jpg 480w\" sizes=\"auto, (min-width: 0px) and (max-width: 480px) 480px, (min-width: 481px) and (max-width: 980px) 980px, (min-width: 981px) 1024px, 100vw\" \/><\/figure>\n\n\n\n<figure class=\"wp-block-image size-large\"><img loading=\"lazy\" decoding=\"async\" width=\"1024\" height=\"768\" data-id=\"2437\" src=\"https:\/\/www.schule-kell.de\/wp-content\/uploads\/2025\/04\/1743666069442-1024x768.jpg\" alt=\"\" class=\"wp-image-2437\" srcset=\"https:\/\/www.schule-kell.de\/wp-content\/uploads\/2025\/04\/1743666069442-980x735.jpg 980w, https:\/\/www.schule-kell.de\/wp-content\/uploads\/2025\/04\/1743666069442-480x360.jpg 480w\" sizes=\"auto, (min-width: 0px) and (max-width: 480px) 480px, (min-width: 481px) and (max-width: 980px) 980px, (min-width: 981px) 1024px, 100vw\" \/><\/figure>\n<\/figure>\n<\/div>\n<\/div>\n","protected":false},"excerpt":{"rendered":"<p>Mit den ersten Sonnenstrahlen des Jahres starten auch die Arbeiten f\u00fcr den Neubau der Schule wieder. Zu Beginn des Monats April begannen die Tiefbauarbeiten f\u00fcr den Ausweichschulhof im Bereich der Bartholom\u00e4usstra\u00dfe. Neben einer wasserdurchl\u00e4ssigen Spielfl\u00e4che mit Tischtennisplatten und Sitzgelegenheiten entsteht zudem ein Kleinspielfeld f\u00fcr Fu\u00dfball, Basketball &amp; Co. Dar\u00fcber hinaus entsteht eine sichere und gut [&hellip;]<\/p>\n","protected":false},"author":4,"featured_media":2437,"comment_status":"open","ping_status":"open","sticky":false,"template":"","format":"standard","meta":{"_et_pb_use_builder":"off","_et_pb_old_content":"","_et_gb_content_width":"","footnotes":""},"categories":[3,4],"tags":[],"class_list":["post-2434","post","type-post","status-publish","format-standard","has-post-thumbnail","hentry","category-aktuelles","category-bautagebuch"],"_links":{"self":[{"href":"https:\/\/www.schule-kell.de\/index.php?rest_route=\/wp\/v2\/posts\/2434","targetHints":{"allow":["GET"]}}],"collection":[{"href":"https:\/\/www.schule-kell.de\/index.php?rest_route=\/wp\/v2\/posts"}],"about":[{"href":"https:\/\/www.schule-kell.de\/index.php?rest_route=\/wp\/v2\/types\/post"}],"author":[{"embeddable":true,"href":"https:\/\/www.schule-kell.de\/index.php?rest_route=\/wp\/v2\/users\/4"}],"replies":[{"embeddable":true,"href":"https:\/\/www.schule-kell.de\/index.php?rest_route=%2Fwp%2Fv2%2Fcomments&post=2434"}],"version-history":[{"count":2,"href":"https:\/\/www.schule-kell.de\/index.php?rest_route=\/wp\/v2\/posts\/2434\/revisions"}],"predecessor-version":[{"id":2439,"href":"https:\/\/www.schule-kell.de\/index.php?rest_route=\/wp\/v2\/posts\/2434\/revisions\/2439"}],"wp:featuredmedia":[{"embeddable":true,"href":"https:\/\/www.schule-kell.de\/index.php?rest_route=\/wp\/v2\/media\/2437"}],"wp:attachment":[{"href":"https:\/\/www.schule-kell.de\/index.php?rest_route=%2Fwp%2Fv2%2Fmedia&parent=2434"}],"wp:term":[{"taxonomy":"category","embeddable":true,"href":"https:\/\/www.schule-kell.de\/index.php?rest_route=%2Fwp%2Fv2%2Fcategories&post=2434"},{"taxonomy":"post_tag","embeddable":true,"href":"https:\/\/www.schule-kell.de\/index.php?rest_route=%2Fwp%2Fv2%2Ftags&post=2434"}],"curies":[{"name":"wp","href":"https:\/\/api.w.org\/{rel}","templated":true}]}}