{"id":2424,"date":"2025-04-03T05:57:03","date_gmt":"2025-04-03T05:57:03","guid":{"rendered":"https:\/\/www.schule-kell.de\/?p=2424"},"modified":"2025-04-03T05:57:06","modified_gmt":"2025-04-03T05:57:06","slug":"wir-stehen-fuer-vielfalt-respekt-und-wertschaetzendes-miteinander","status":"publish","type":"post","link":"https:\/\/www.schule-kell.de\/?p=2424","title":{"rendered":"Wir stehen f\u00fcr Vielfalt, Respekt und wertsch\u00e4tzendes Miteinander"},"content":{"rendered":"\n<p>Unsere F\u00fcnftkl\u00e4ssler haben sich intensiv mit dem Thema Rassismus und pr\u00e4ventiven Ma\u00dfnahmen auseinandergesetzt.<br>Gemeinsam mit Sch\u00fclerinnen und Sch\u00fclern der SV und Herrn Hodzic sprachen sie \u00fcber eigene Erfahrungen, diskutierten \u00fcber rassistische Begriffe und reflektierten deren Auswirkungen.<br>Ziel war es, f\u00fcr das Thema zu sensibilisieren und ein starkes Zeichen gegen Diskriminierung zu setzen.<\/p>\n\n\n\n<p>Als Abschluss des Projekts gestalteten die Klassen kreative Plakate, auf denen sie klar Stellung gegen Rassismus beziehen.<br>Diese Plakate erinnern t\u00e4glich daran: Unsere Schule ist ein Ort der Vielfalt, des Respekts und des Miteinanders!<\/p>\n\n\n\n<p><\/p>\n\n\n\n<div class=\"wp-block-columns is-layout-flex wp-container-core-columns-is-layout-9d6595d7 wp-block-columns-is-layout-flex\">\n<div class=\"wp-block-column is-layout-flow wp-block-column-is-layout-flow\">\n<figure class=\"wp-block-image size-large\"><img loading=\"lazy\" decoding=\"async\" width=\"1024\" height=\"768\" src=\"https:\/\/www.schule-kell.de\/wp-content\/uploads\/2025\/04\/Plakat-5c-1024x768.jpg\" alt=\"\" class=\"wp-image-2428\" srcset=\"https:\/\/www.schule-kell.de\/wp-content\/uploads\/2025\/04\/Plakat-5c-980x735.jpg 980w, https:\/\/www.schule-kell.de\/wp-content\/uploads\/2025\/04\/Plakat-5c-480x360.jpg 480w\" sizes=\"auto, (min-width: 0px) and (max-width: 480px) 480px, (min-width: 481px) and (max-width: 980px) 980px, (min-width: 981px) 1024px, 100vw\" \/><\/figure>\n<\/div>\n\n\n\n<div class=\"wp-block-column is-layout-flow wp-block-column-is-layout-flow\">\n<figure class=\"wp-block-image size-large\"><img loading=\"lazy\" decoding=\"async\" width=\"1024\" height=\"768\" src=\"https:\/\/www.schule-kell.de\/wp-content\/uploads\/2025\/04\/Plakat-5d-1-1024x768.jpg\" alt=\"\" class=\"wp-image-2429\" srcset=\"https:\/\/www.schule-kell.de\/wp-content\/uploads\/2025\/04\/Plakat-5d-1-980x735.jpg 980w, https:\/\/www.schule-kell.de\/wp-content\/uploads\/2025\/04\/Plakat-5d-1-480x360.jpg 480w\" sizes=\"auto, (min-width: 0px) and (max-width: 480px) 480px, (min-width: 481px) and (max-width: 980px) 980px, (min-width: 981px) 1024px, 100vw\" \/><\/figure>\n<\/div>\n<\/div>\n\n\n\n<div class=\"wp-block-columns is-layout-flex wp-container-core-columns-is-layout-9d6595d7 wp-block-columns-is-layout-flex\">\n<div class=\"wp-block-column is-layout-flow wp-block-column-is-layout-flow\">\n<figure class=\"wp-block-image size-large\"><img loading=\"lazy\" decoding=\"async\" width=\"768\" height=\"1024\" src=\"https:\/\/www.schule-kell.de\/wp-content\/uploads\/2025\/04\/Plakat-5-768x1024.jpg\" alt=\"\" class=\"wp-image-2425\"\/><\/figure>\n<\/div>\n\n\n\n<div class=\"wp-block-column is-layout-flow wp-block-column-is-layout-flow\">\n<figure class=\"wp-block-image size-large\"><img loading=\"lazy\" decoding=\"async\" width=\"768\" height=\"1024\" src=\"https:\/\/www.schule-kell.de\/wp-content\/uploads\/2025\/04\/Plakat-5-1-768x1024.jpg\" alt=\"\" class=\"wp-image-2426\"\/><\/figure>\n<\/div>\n\n\n\n<div class=\"wp-block-column is-layout-flow wp-block-column-is-layout-flow\">\n<figure class=\"wp-block-image size-large\"><img loading=\"lazy\" decoding=\"async\" width=\"768\" height=\"1024\" src=\"https:\/\/www.schule-kell.de\/wp-content\/uploads\/2025\/04\/Plakat-5d-768x1024.jpg\" alt=\"\" class=\"wp-image-2427\"\/><\/figure>\n<\/div>\n<\/div>\n","protected":false},"excerpt":{"rendered":"<p>Unsere F\u00fcnftkl\u00e4ssler haben sich intensiv mit dem Thema Rassismus und pr\u00e4ventiven Ma\u00dfnahmen auseinandergesetzt.Gemeinsam mit Sch\u00fclerinnen und Sch\u00fclern der SV und Herrn Hodzic sprachen sie \u00fcber eigene Erfahrungen, diskutierten \u00fcber rassistische Begriffe und reflektierten deren Auswirkungen.Ziel war es, f\u00fcr das Thema zu sensibilisieren und ein starkes Zeichen gegen Diskriminierung zu setzen. Als Abschluss des Projekts gestalteten [&hellip;]<\/p>\n","protected":false},"author":3,"featured_media":2430,"comment_status":"open","ping_status":"open","sticky":false,"template":"","format":"standard","meta":{"_et_pb_use_builder":"off","_et_pb_old_content":"","_et_gb_content_width":"","footnotes":""},"categories":[3,1],"tags":[],"class_list":["post-2424","post","type-post","status-publish","format-standard","has-post-thumbnail","hentry","category-aktuelles","category-uncategorized"],"_links":{"self":[{"href":"https:\/\/www.schule-kell.de\/index.php?rest_route=\/wp\/v2\/posts\/2424","targetHints":{"allow":["GET"]}}],"collection":[{"href":"https:\/\/www.schule-kell.de\/index.php?rest_route=\/wp\/v2\/posts"}],"about":[{"href":"https:\/\/www.schule-kell.de\/index.php?rest_route=\/wp\/v2\/types\/post"}],"author":[{"embeddable":true,"href":"https:\/\/www.schule-kell.de\/index.php?rest_route=\/wp\/v2\/users\/3"}],"replies":[{"embeddable":true,"href":"https:\/\/www.schule-kell.de\/index.php?rest_route=%2Fwp%2Fv2%2Fcomments&post=2424"}],"version-history":[{"count":2,"href":"https:\/\/www.schule-kell.de\/index.php?rest_route=\/wp\/v2\/posts\/2424\/revisions"}],"predecessor-version":[{"id":2432,"href":"https:\/\/www.schule-kell.de\/index.php?rest_route=\/wp\/v2\/posts\/2424\/revisions\/2432"}],"wp:featuredmedia":[{"embeddable":true,"href":"https:\/\/www.schule-kell.de\/index.php?rest_route=\/wp\/v2\/media\/2430"}],"wp:attachment":[{"href":"https:\/\/www.schule-kell.de\/index.php?rest_route=%2Fwp%2Fv2%2Fmedia&parent=2424"}],"wp:term":[{"taxonomy":"category","embeddable":true,"href":"https:\/\/www.schule-kell.de\/index.php?rest_route=%2Fwp%2Fv2%2Fcategories&post=2424"},{"taxonomy":"post_tag","embeddable":true,"href":"https:\/\/www.schule-kell.de\/index.php?rest_route=%2Fwp%2Fv2%2Ftags&post=2424"}],"curies":[{"name":"wp","href":"https:\/\/api.w.org\/{rel}","templated":true}]}}