{"id":2418,"date":"2025-04-01T06:12:38","date_gmt":"2025-04-01T06:12:38","guid":{"rendered":"https:\/\/www.schule-kell.de\/?p=2418"},"modified":"2025-04-01T06:12:39","modified_gmt":"2025-04-01T06:12:39","slug":"ausflug-zur-fair-trade-academy","status":"publish","type":"post","link":"https:\/\/www.schule-kell.de\/?p=2418","title":{"rendered":"Ausflug zur Fair-Trade-Academy"},"content":{"rendered":"\n<p>Am 19.03.2025 nahm das 15-k\u00f6pfige BNE-Team mit Frau Gehlen und Herrn G\u00f6hler an der diesj\u00e4hrigen Fair-Trade-Academy in den historischen R\u00e4umen des Rathauses Andernach teil.<\/p>\n\n\n\n<p>Dass BNE u.a. im Wahlpflichtfach HuS thematisiert und gelebt werden kann, lernten die Sch\u00fclerinnen und Sch\u00fcler im Rahmen eines Workshops zu fair gehandelten Lebensmitteln kennen. So stellten die Teilnehmenden beispielsweise Nussecken aus fair gehandelten Zutaten selbst her und durften Kakao aus fairem Anbau verkosten. Dass jede und jeder einen eigenen und wichtigen Beitrag zum Konsum von Textilien leisten kann, erkannten die Sch\u00fclerinnen und Sch\u00fcler im Hinblick auf die Herstellung faire produzierter Textilien unter dem Einfluss auf den Klimaschutz. Besonders von Interesse war der Stadtrundgang durch die Fair-Trade-Stadt Andernach bei strahlendem Sonnenschein und einem Workshop zum Thema Schulkiosk, der dem BNE-Team Anregungen lieferte, um den eigenen Pausenverkauf perspektivisch weiter auszubauen und dadurch zu bereichern.<\/p>\n\n\n\n<p>F\u00fcr die begleitenden Lehrpersonen gab es neuen Input durch den kollegialen Austausch und verschiedene Fachvortr\u00e4ge.<\/p>\n\n\n\n<p>Das absolute Highlight der Veranstaltung war ein Face-Time-Call im Plenarsaal des Rathauses mit einem Teebauern in Kenia, der den Teilnehmenden berichtete, welchen positiven Einfluss Fair-Trade auf ihn, seine Familie und die ganze Kooperative hat. Die Sch\u00fclerinnen und Sch\u00fcler stellten ihm Fragen, die er ihnen auch beantwortete. Dies war eine sehr beeindruckende Erfahrung.<\/p>\n\n\n\n<p>Das Fazit unseres BNE-Teams f\u00e4llt eindeutig aus: Fair-Trade und Nachhaltigkeit zahlt sich immer aus und wird auch zuk\u00fcnftig unseren schulischen Alltag pr\u00e4gen.<\/p>\n\n\n\n<div class=\"wp-block-columns is-layout-flex wp-container-core-columns-is-layout-9d6595d7 wp-block-columns-is-layout-flex\">\n<div class=\"wp-block-column is-layout-flow wp-block-column-is-layout-flow\" style=\"flex-basis:100%\">\n<div class=\"wp-block-columns is-layout-flex wp-container-core-columns-is-layout-9d6595d7 wp-block-columns-is-layout-flex\">\n<div class=\"wp-block-column is-layout-flow wp-block-column-is-layout-flow\">\n<figure class=\"wp-block-image size-large\"><img loading=\"lazy\" decoding=\"async\" width=\"1024\" height=\"719\" src=\"https:\/\/www.schule-kell.de\/wp-content\/uploads\/2025\/04\/BNE-Academy-TEAM-1024x719.jpg\" alt=\"\" class=\"wp-image-2419\" srcset=\"https:\/\/www.schule-kell.de\/wp-content\/uploads\/2025\/04\/BNE-Academy-TEAM-980x688.jpg 980w, https:\/\/www.schule-kell.de\/wp-content\/uploads\/2025\/04\/BNE-Academy-TEAM-480x337.jpg 480w\" sizes=\"auto, (min-width: 0px) and (max-width: 480px) 480px, (min-width: 481px) and (max-width: 980px) 980px, (min-width: 981px) 1024px, 100vw\" \/><\/figure>\n<\/div>\n\n\n\n<div class=\"wp-block-column is-layout-flow wp-block-column-is-layout-flow\">\n<figure class=\"wp-block-image size-large\"><img loading=\"lazy\" decoding=\"async\" width=\"1024\" height=\"943\" src=\"https:\/\/www.schule-kell.de\/wp-content\/uploads\/2025\/04\/BNE-Academy-Jungs-1024x943.jpg\" alt=\"\" class=\"wp-image-2420\" srcset=\"https:\/\/www.schule-kell.de\/wp-content\/uploads\/2025\/04\/BNE-Academy-Jungs-980x903.jpg 980w, https:\/\/www.schule-kell.de\/wp-content\/uploads\/2025\/04\/BNE-Academy-Jungs-480x442.jpg 480w\" sizes=\"auto, (min-width: 0px) and (max-width: 480px) 480px, (min-width: 481px) and (max-width: 980px) 980px, (min-width: 981px) 1024px, 100vw\" \/><\/figure>\n<\/div>\n\n\n\n<div class=\"wp-block-column is-layout-flow wp-block-column-is-layout-flow\">\n<figure class=\"wp-block-image size-large\"><img loading=\"lazy\" decoding=\"async\" width=\"1024\" height=\"648\" src=\"https:\/\/www.schule-kell.de\/wp-content\/uploads\/2025\/04\/BNE-Videoschalte-1024x648.jpg\" alt=\"\" class=\"wp-image-2421\" srcset=\"https:\/\/www.schule-kell.de\/wp-content\/uploads\/2025\/04\/BNE-Videoschalte-980x620.jpg 980w, https:\/\/www.schule-kell.de\/wp-content\/uploads\/2025\/04\/BNE-Videoschalte-480x304.jpg 480w\" sizes=\"auto, (min-width: 0px) and (max-width: 480px) 480px, (min-width: 481px) and (max-width: 980px) 980px, (min-width: 981px) 1024px, 100vw\" \/><\/figure>\n<\/div>\n<\/div>\n<\/div>\n<\/div>\n","protected":false},"excerpt":{"rendered":"<p>Am 19.03.2025 nahm das 15-k\u00f6pfige BNE-Team mit Frau Gehlen und Herrn G\u00f6hler an der diesj\u00e4hrigen Fair-Trade-Academy in den historischen R\u00e4umen des Rathauses Andernach teil. Dass BNE u.a. im Wahlpflichtfach HuS thematisiert und gelebt werden kann, lernten die Sch\u00fclerinnen und Sch\u00fcler im Rahmen eines Workshops zu fair gehandelten Lebensmitteln kennen. So stellten die Teilnehmenden beispielsweise Nussecken [&hellip;]<\/p>\n","protected":false},"author":3,"featured_media":2419,"comment_status":"open","ping_status":"open","sticky":false,"template":"","format":"standard","meta":{"_et_pb_use_builder":"off","_et_pb_old_content":"","_et_gb_content_width":"","footnotes":""},"categories":[3,1],"tags":[],"class_list":["post-2418","post","type-post","status-publish","format-standard","has-post-thumbnail","hentry","category-aktuelles","category-uncategorized"],"_links":{"self":[{"href":"https:\/\/www.schule-kell.de\/index.php?rest_route=\/wp\/v2\/posts\/2418","targetHints":{"allow":["GET"]}}],"collection":[{"href":"https:\/\/www.schule-kell.de\/index.php?rest_route=\/wp\/v2\/posts"}],"about":[{"href":"https:\/\/www.schule-kell.de\/index.php?rest_route=\/wp\/v2\/types\/post"}],"author":[{"embeddable":true,"href":"https:\/\/www.schule-kell.de\/index.php?rest_route=\/wp\/v2\/users\/3"}],"replies":[{"embeddable":true,"href":"https:\/\/www.schule-kell.de\/index.php?rest_route=%2Fwp%2Fv2%2Fcomments&post=2418"}],"version-history":[{"count":1,"href":"https:\/\/www.schule-kell.de\/index.php?rest_route=\/wp\/v2\/posts\/2418\/revisions"}],"predecessor-version":[{"id":2422,"href":"https:\/\/www.schule-kell.de\/index.php?rest_route=\/wp\/v2\/posts\/2418\/revisions\/2422"}],"wp:featuredmedia":[{"embeddable":true,"href":"https:\/\/www.schule-kell.de\/index.php?rest_route=\/wp\/v2\/media\/2419"}],"wp:attachment":[{"href":"https:\/\/www.schule-kell.de\/index.php?rest_route=%2Fwp%2Fv2%2Fmedia&parent=2418"}],"wp:term":[{"taxonomy":"category","embeddable":true,"href":"https:\/\/www.schule-kell.de\/index.php?rest_route=%2Fwp%2Fv2%2Fcategories&post=2418"},{"taxonomy":"post_tag","embeddable":true,"href":"https:\/\/www.schule-kell.de\/index.php?rest_route=%2Fwp%2Fv2%2Ftags&post=2418"}],"curies":[{"name":"wp","href":"https:\/\/api.w.org\/{rel}","templated":true}]}}