{"id":2404,"date":"2025-03-12T10:02:20","date_gmt":"2025-03-12T10:02:20","guid":{"rendered":"https:\/\/www.schule-kell.de\/?p=2404"},"modified":"2025-03-12T10:02:37","modified_gmt":"2025-03-12T10:02:37","slug":"erfolgreiches-bewerbertraining-fuer-die-8-und-9-klassen-ein-schritt-in-die-zukunft","status":"publish","type":"post","link":"https:\/\/www.schule-kell.de\/?p=2404","title":{"rendered":"Erfolgreiches Bewerbertraining f\u00fcr die 8. und 9. Klassen: Ein Schritt in die Zukunft"},"content":{"rendered":"\n<figure class=\"wp-block-gallery has-nested-images columns-default is-cropped wp-block-gallery-1 is-layout-flex wp-block-gallery-is-layout-flex\">\n<figure class=\"wp-block-image size-large\"><img loading=\"lazy\" decoding=\"async\" width=\"1024\" height=\"624\" data-id=\"2409\" src=\"https:\/\/www.schule-kell.de\/wp-content\/uploads\/2025\/03\/IMG_20250306_0945182-1024x624.jpg\" alt=\"\" class=\"wp-image-2409\" srcset=\"https:\/\/www.schule-kell.de\/wp-content\/uploads\/2025\/03\/IMG_20250306_0945182-980x597.jpg 980w, https:\/\/www.schule-kell.de\/wp-content\/uploads\/2025\/03\/IMG_20250306_0945182-480x292.jpg 480w\" sizes=\"auto, (min-width: 0px) and (max-width: 480px) 480px, (min-width: 481px) and (max-width: 980px) 980px, (min-width: 981px) 1024px, 100vw\" \/><\/figure>\n\n\n\n<figure class=\"wp-block-image size-large\"><img loading=\"lazy\" decoding=\"async\" width=\"1024\" height=\"768\" data-id=\"2410\" src=\"https:\/\/www.schule-kell.de\/wp-content\/uploads\/2025\/03\/IMG_20250306_094621-1024x768.jpg\" alt=\"\" class=\"wp-image-2410\" srcset=\"https:\/\/www.schule-kell.de\/wp-content\/uploads\/2025\/03\/IMG_20250306_094621-980x735.jpg 980w, https:\/\/www.schule-kell.de\/wp-content\/uploads\/2025\/03\/IMG_20250306_094621-480x360.jpg 480w\" sizes=\"auto, (min-width: 0px) and (max-width: 480px) 480px, (min-width: 481px) and (max-width: 980px) 980px, (min-width: 981px) 1024px, 100vw\" \/><\/figure>\n\n\n\n<figure class=\"wp-block-image size-large\"><img loading=\"lazy\" decoding=\"async\" width=\"1024\" height=\"768\" data-id=\"2411\" src=\"https:\/\/www.schule-kell.de\/wp-content\/uploads\/2025\/03\/IMG_20250306_104006_1-1024x768.jpg\" alt=\"\" class=\"wp-image-2411\" srcset=\"https:\/\/www.schule-kell.de\/wp-content\/uploads\/2025\/03\/IMG_20250306_104006_1-980x735.jpg 980w, https:\/\/www.schule-kell.de\/wp-content\/uploads\/2025\/03\/IMG_20250306_104006_1-480x360.jpg 480w\" sizes=\"auto, (min-width: 0px) and (max-width: 480px) 480px, (min-width: 481px) and (max-width: 980px) 980px, (min-width: 981px) 1024px, 100vw\" \/><\/figure>\n<\/figure>\n\n\n\n<p>Am 06. M\u00e4rz 2025 fand ein erfolgreiches Bewerbertraining f\u00fcr die Sch\u00fclerinnen und Sch\u00fcler der 8. und 9. Klassen unserer Schule statt. Dieses Training ist ein wichtiger Bestandteil unserer Bem\u00fchungen, die Jugendlichen bestm\u00f6glich auf ihre zuk\u00fcnftigen Bewerbungsprozesse vorzubereiten.<br><br>Um die Jugendlichen optimal vorzubereiten, haben wir einen umfassenden Kurs im Schulcampus RLP entwickelt. Dieser Kurs bot den Sch\u00fclerinnen und Sch\u00fclern wertvolle Tipps, Satzbausteine sowie Vorlagen f\u00fcr Deckbl\u00e4tter, Lebensl\u00e4ufe und Bewerbungsschreiben. Zudem stand ihnen eine KI zur Verf\u00fcgung, die bei der Erstellung ihrer Bewerbungsunterlagen half. Der Kurs wird den Sch\u00fclerinnen und Sch\u00fclern w\u00e4hrend ihrer gesamten Schulzeit zug\u00e4nglich sein, sodass sie jederzeit auf die bereitgestellten Materialien zugreifen k\u00f6nnen.<br><br>Um den Bewerbungsprozess so realit\u00e4tsnah wie m\u00f6glich zu gestalten, hatten wir zahlreiche Partner aus verschiedenen Branchen, darunter Handwerk, Verkauf, Industrie, Gastronomie, Landwirtschaft, Gesundheitswesen, B\u00fcro-Verwaltung, Informatik und die Polizei f\u00fcr das Training gewinnen k\u00f6nnen. Die Vorstellungsgespr\u00e4che dauerten etwa 15 Minuten und im Anschluss erhielten die \u201eBewerberinnen und Bewerber\u201c wertvolle R\u00fcckmeldungen zu ihren Gespr\u00e4chen sowie zu ihren erstellten Bewerbungsunterlagen.<br><br>Aufgrund der zahlreichen positiven R\u00fcckmeldungen durch die Vertreterinnen und Vertreter der Betriebe, sind wir \u00fcberzeugt, dass dieses Bewerbertraining eine hervorragende Gelegenheit f\u00fcr unsere Sch\u00fclerinnen und Sch\u00fcler darstellte, sich optimal auf ihre berufliche Zukunft vorzubereiten.<br><\/p>\n\n\n\n<p>Ein gro\u00dfer Dank gilt den Unternehmen und Beh\u00f6rden, die uns hierbei unterst\u00fctzt haben und die Bewerbungsgespr\u00e4che so authentisch wie m\u00f6glich gestalteten:<\/p>\n\n\n\n<ul class=\"wp-block-list\">\n<li>Agentur f\u00fcr Arbeit<\/li>\n\n\n\n<li>Bundespolizeiinspektion Trier<\/li>\n\n\n\n<li>Eichhof Reinsfeld<\/li>\n\n\n\n<li>Elektro Lehnen<\/li>\n\n\n\n<li>Fronhof Kell am See<\/li>\n\n\n\n<li>Hotel zur Post<\/li>\n\n\n\n<li>Klinikum Mutterhaus der Borrom\u00e4erinnen gGmbH<\/li>\n\n\n\n<li>Komage Gellner Maschinenfabrik KG<\/li>\n\n\n\n<li>Krankenhaus der Barmherzigen Br\u00fcder Trier<\/li>\n\n\n\n<li>NORMA Lebensmittelfilialbetrieb Stiftung &amp; Co. KG<\/li>\n\n\n\n<li>REWE Timo Pick<\/li>\n\n\n\n<li>Thomas Koltes Sanit\u00e4rinstallationen<\/li>\n\n\n\n<li>Verbandsgemeinde Saarburg-Kell<\/li>\n\n\n\n<li>Xebia.com<\/li>\n<\/ul>\n","protected":false},"excerpt":{"rendered":"<p>Am 06. M\u00e4rz 2025 fand ein erfolgreiches Bewerbertraining f\u00fcr die Sch\u00fclerinnen und Sch\u00fcler der 8. und 9. Klassen unserer Schule statt. Dieses Training ist ein wichtiger Bestandteil unserer Bem\u00fchungen, die Jugendlichen bestm\u00f6glich auf ihre zuk\u00fcnftigen Bewerbungsprozesse vorzubereiten. Um die Jugendlichen optimal vorzubereiten, haben wir einen umfassenden Kurs im Schulcampus RLP entwickelt. Dieser Kurs bot den [&hellip;]<\/p>\n","protected":false},"author":4,"featured_media":2411,"comment_status":"open","ping_status":"open","sticky":false,"template":"","format":"standard","meta":{"_et_pb_use_builder":"off","_et_pb_old_content":"","_et_gb_content_width":"","footnotes":""},"categories":[3],"tags":[],"class_list":["post-2404","post","type-post","status-publish","format-standard","has-post-thumbnail","hentry","category-aktuelles"],"_links":{"self":[{"href":"https:\/\/www.schule-kell.de\/index.php?rest_route=\/wp\/v2\/posts\/2404","targetHints":{"allow":["GET"]}}],"collection":[{"href":"https:\/\/www.schule-kell.de\/index.php?rest_route=\/wp\/v2\/posts"}],"about":[{"href":"https:\/\/www.schule-kell.de\/index.php?rest_route=\/wp\/v2\/types\/post"}],"author":[{"embeddable":true,"href":"https:\/\/www.schule-kell.de\/index.php?rest_route=\/wp\/v2\/users\/4"}],"replies":[{"embeddable":true,"href":"https:\/\/www.schule-kell.de\/index.php?rest_route=%2Fwp%2Fv2%2Fcomments&post=2404"}],"version-history":[{"count":3,"href":"https:\/\/www.schule-kell.de\/index.php?rest_route=\/wp\/v2\/posts\/2404\/revisions"}],"predecessor-version":[{"id":2412,"href":"https:\/\/www.schule-kell.de\/index.php?rest_route=\/wp\/v2\/posts\/2404\/revisions\/2412"}],"wp:featuredmedia":[{"embeddable":true,"href":"https:\/\/www.schule-kell.de\/index.php?rest_route=\/wp\/v2\/media\/2411"}],"wp:attachment":[{"href":"https:\/\/www.schule-kell.de\/index.php?rest_route=%2Fwp%2Fv2%2Fmedia&parent=2404"}],"wp:term":[{"taxonomy":"category","embeddable":true,"href":"https:\/\/www.schule-kell.de\/index.php?rest_route=%2Fwp%2Fv2%2Fcategories&post=2404"},{"taxonomy":"post_tag","embeddable":true,"href":"https:\/\/www.schule-kell.de\/index.php?rest_route=%2Fwp%2Fv2%2Ftags&post=2404"}],"curies":[{"name":"wp","href":"https:\/\/api.w.org\/{rel}","templated":true}]}}