{"id":2387,"date":"2025-01-30T12:10:38","date_gmt":"2025-01-30T12:10:38","guid":{"rendered":"https:\/\/www.schule-kell.de\/?p=2387"},"modified":"2025-01-30T12:10:41","modified_gmt":"2025-01-30T12:10:41","slug":"der-neubau-rollt-wieder-nach-der-winterpause","status":"publish","type":"post","link":"https:\/\/www.schule-kell.de\/?p=2387","title":{"rendered":"Der Neubau rollt wieder nach der Winterpause"},"content":{"rendered":"\n<p>Nach einigen Wochen des Planens und Ausschreibens in den Wintermonaten rollen die Arbeiten auf der Baustelle mit gro\u00dfem Tempo wieder an. Heute starteten die ersten Bohrungen f\u00fcr die Geothermie, um das neue Geb\u00e4ude Klimaneutral mit Energie versorgen zu k\u00f6nnen. Sobald diese abgeschlossen sind, schlie\u00dfen die ersten Tiefbauarbeiten an. Wir freuen uns auf ein spannendes Jahr!<\/p>\n\n\n\n<figure class=\"wp-block-gallery has-nested-images columns-default is-cropped wp-block-gallery-1 is-layout-flex wp-block-gallery-is-layout-flex\">\n<figure class=\"wp-block-image size-large\"><img loading=\"lazy\" decoding=\"async\" width=\"1024\" height=\"768\" data-id=\"2390\" src=\"https:\/\/www.schule-kell.de\/wp-content\/uploads\/2025\/01\/1738238352096-1024x768.jpg\" alt=\"\" class=\"wp-image-2390\" srcset=\"https:\/\/www.schule-kell.de\/wp-content\/uploads\/2025\/01\/1738238352096-980x735.jpg 980w, https:\/\/www.schule-kell.de\/wp-content\/uploads\/2025\/01\/1738238352096-480x360.jpg 480w\" sizes=\"auto, (min-width: 0px) and (max-width: 480px) 480px, (min-width: 481px) and (max-width: 980px) 980px, (min-width: 981px) 1024px, 100vw\" \/><\/figure>\n\n\n\n<figure class=\"wp-block-image size-large\"><img loading=\"lazy\" decoding=\"async\" width=\"768\" height=\"1024\" data-id=\"2389\" src=\"https:\/\/www.schule-kell.de\/wp-content\/uploads\/2025\/01\/1738238352114-768x1024.jpg\" alt=\"\" class=\"wp-image-2389\"\/><\/figure>\n\n\n\n<figure class=\"wp-block-image size-large\"><img loading=\"lazy\" decoding=\"async\" width=\"1024\" height=\"768\" data-id=\"2388\" src=\"https:\/\/www.schule-kell.de\/wp-content\/uploads\/2025\/01\/1738238352146-1024x768.jpg\" alt=\"\" class=\"wp-image-2388\" srcset=\"https:\/\/www.schule-kell.de\/wp-content\/uploads\/2025\/01\/1738238352146-980x735.jpg 980w, https:\/\/www.schule-kell.de\/wp-content\/uploads\/2025\/01\/1738238352146-480x360.jpg 480w\" sizes=\"auto, (min-width: 0px) and (max-width: 480px) 480px, (min-width: 481px) and (max-width: 980px) 980px, (min-width: 981px) 1024px, 100vw\" \/><\/figure>\n<\/figure>\n","protected":false},"excerpt":{"rendered":"<p>Nach einigen Wochen des Planens und Ausschreibens in den Wintermonaten rollen die Arbeiten auf der Baustelle mit gro\u00dfem Tempo wieder an. Heute starteten die ersten Bohrungen f\u00fcr die Geothermie, um das neue Geb\u00e4ude Klimaneutral mit Energie versorgen zu k\u00f6nnen. Sobald diese abgeschlossen sind, schlie\u00dfen die ersten Tiefbauarbeiten an. Wir freuen uns auf ein spannendes Jahr!<\/p>\n","protected":false},"author":4,"featured_media":2390,"comment_status":"open","ping_status":"open","sticky":false,"template":"","format":"standard","meta":{"_et_pb_use_builder":"off","_et_pb_old_content":"","_et_gb_content_width":"","footnotes":""},"categories":[3,4],"tags":[],"class_list":["post-2387","post","type-post","status-publish","format-standard","has-post-thumbnail","hentry","category-aktuelles","category-bautagebuch"],"_links":{"self":[{"href":"https:\/\/www.schule-kell.de\/index.php?rest_route=\/wp\/v2\/posts\/2387","targetHints":{"allow":["GET"]}}],"collection":[{"href":"https:\/\/www.schule-kell.de\/index.php?rest_route=\/wp\/v2\/posts"}],"about":[{"href":"https:\/\/www.schule-kell.de\/index.php?rest_route=\/wp\/v2\/types\/post"}],"author":[{"embeddable":true,"href":"https:\/\/www.schule-kell.de\/index.php?rest_route=\/wp\/v2\/users\/4"}],"replies":[{"embeddable":true,"href":"https:\/\/www.schule-kell.de\/index.php?rest_route=%2Fwp%2Fv2%2Fcomments&post=2387"}],"version-history":[{"count":1,"href":"https:\/\/www.schule-kell.de\/index.php?rest_route=\/wp\/v2\/posts\/2387\/revisions"}],"predecessor-version":[{"id":2391,"href":"https:\/\/www.schule-kell.de\/index.php?rest_route=\/wp\/v2\/posts\/2387\/revisions\/2391"}],"wp:featuredmedia":[{"embeddable":true,"href":"https:\/\/www.schule-kell.de\/index.php?rest_route=\/wp\/v2\/media\/2390"}],"wp:attachment":[{"href":"https:\/\/www.schule-kell.de\/index.php?rest_route=%2Fwp%2Fv2%2Fmedia&parent=2387"}],"wp:term":[{"taxonomy":"category","embeddable":true,"href":"https:\/\/www.schule-kell.de\/index.php?rest_route=%2Fwp%2Fv2%2Fcategories&post=2387"},{"taxonomy":"post_tag","embeddable":true,"href":"https:\/\/www.schule-kell.de\/index.php?rest_route=%2Fwp%2Fv2%2Ftags&post=2387"}],"curies":[{"name":"wp","href":"https:\/\/api.w.org\/{rel}","templated":true}]}}