{"id":2358,"date":"2024-12-17T07:58:22","date_gmt":"2024-12-17T07:58:22","guid":{"rendered":"https:\/\/www.schule-kell.de\/?p=2358"},"modified":"2024-12-18T08:24:56","modified_gmt":"2024-12-18T08:24:56","slug":"vorlesewettbewerb-2024","status":"publish","type":"post","link":"https:\/\/www.schule-kell.de\/?p=2358","title":{"rendered":"Vorlesewettbewerb 2024"},"content":{"rendered":"\n<p>Getreu dem Motto &#8222;B\u00fccher sind fliegende Teppiche ins Reich der Phantasie&#8220;, startete der diesj\u00e4hrige Schulentscheid an der Realschule plus Kell am See. Dabei duellierten sich in zwei Durchg\u00e4ngen die besten Sch\u00fclerinnen und Sch\u00fcler, die sich bereits zuvor in den klasseninternen Vorlesewettbewerben durchsetzen konnten. Neben bekannten Textstellen, die von den Teilnehmenden im Vorfeld ausgew\u00e4hlt und erprobt wurden, mussten sich die Vorlesenden auch der Herausforderung stellen, bisher unbekannte Textausz\u00fcge aus dem Jugendbuch &#8222;Emil und die Detektive&#8220; vorzutragen. Dabei wurde das Vorlesen der Sch\u00fclerinnen und Sch\u00fcler anhand verschiedener Kriterien bewertet.<\/p>\n\n\n\n<p>Am Ende setzte sich die diesj\u00e4hrige Gewinnerin Michelle S. (6b) Kopf an Kopf gegen ihre Mitstreiterinnen und Mitstreiter durch und wurde mit einem jubelnden Applaus von der Jury und dem Publikum gefeiert. Als Andenken f\u00fcr ihre herausragende Leseleistung erhielt die Siegerin eine Auszeichnung sowie den Buchklassiker &#8222;Emil und die Detektive&#8220; von Erich K\u00e4stner.<\/p>\n\n\n\n<p>Unsere Gewinnerin wird unsere Schule beim diesj\u00e4hrigen Lesewettbewerb auf Landesebene in Trier vertreten.<\/p>\n\n\n\n<p>Ein herzliches Dankesch\u00f6n geht in diesem Zusammenhang an das Sch\u00fclersprecherduo Sascha und Yousef, das tatkr\u00e4ftig die Jury bereichert hat und unterhaltungsvoll durch das Programm f\u00fchrte. Dar\u00fcber hinaus m\u00f6chten wir uns bei Herrn Stra\u00dfer, Frau Hendriks, Herrn Hanus, Frau Bohr und Frau Cisse-Barzik bedanken, die die Reihe der Punktrichterinnen und -richter ebenfalls voller Engagement und Neugier vervollst\u00e4ndigten. Auch hinter den Kulissen gab es viele helfende H\u00e4nde, die das Event zu etwas Besonderem haben werden lassen.<\/p>\n\n\n\n<p>Claudia Roth und Selina Trierweiler (Deutschlehrkr\u00e4fte der Stufe 6)<\/p>\n\n\n\n<div class=\"wp-block-columns is-layout-flex wp-container-core-columns-is-layout-9d6595d7 wp-block-columns-is-layout-flex\">\n<div class=\"wp-block-column is-layout-flow wp-block-column-is-layout-flow\">\n<figure class=\"wp-block-image size-full is-resized\"><img loading=\"lazy\" decoding=\"async\" width=\"726\" height=\"720\" src=\"https:\/\/www.schule-kell.de\/wp-content\/uploads\/2024\/12\/Lesewettbewerb-2024.jpeg\" alt=\"\" class=\"wp-image-2359\" style=\"width:353px;height:auto\" srcset=\"https:\/\/www.schule-kell.de\/wp-content\/uploads\/2024\/12\/Lesewettbewerb-2024.jpeg 726w, https:\/\/www.schule-kell.de\/wp-content\/uploads\/2024\/12\/Lesewettbewerb-2024-480x476.jpeg 480w\" sizes=\"auto, (min-width: 0px) and (max-width: 480px) 480px, (min-width: 481px) 726px, 100vw\" \/><\/figure>\n\n\n\n<p>v.l.n.r.: Anna S. (6c), Michelle S. (6b) und Anselmo (6a)<\/p>\n<\/div>\n\n\n\n<div class=\"wp-block-column is-layout-flow wp-block-column-is-layout-flow\">\n<figure class=\"wp-block-image size-full\"><img loading=\"lazy\" decoding=\"async\" width=\"904\" height=\"720\" src=\"https:\/\/www.schule-kell.de\/wp-content\/uploads\/2024\/12\/Lesewettbewerb-2024-2.jpeg\" alt=\"\" class=\"wp-image-2360\" srcset=\"https:\/\/www.schule-kell.de\/wp-content\/uploads\/2024\/12\/Lesewettbewerb-2024-2.jpeg 904w, https:\/\/www.schule-kell.de\/wp-content\/uploads\/2024\/12\/Lesewettbewerb-2024-2-480x382.jpeg 480w\" sizes=\"auto, (min-width: 0px) and (max-width: 480px) 480px, (min-width: 481px) 904px, 100vw\" \/><\/figure>\n\n\n\n<p>Herr Stra\u00dfer und die diesj\u00e4hrige Gewinnerin Michelle S. (6b)<\/p>\n<\/div>\n<\/div>\n","protected":false},"excerpt":{"rendered":"<p>Getreu dem Motto &#8222;B\u00fccher sind fliegende Teppiche ins Reich der Phantasie&#8220;, startete der diesj\u00e4hrige Schulentscheid an der Realschule plus Kell am See. Dabei duellierten sich in zwei Durchg\u00e4ngen die besten Sch\u00fclerinnen und Sch\u00fcler, die sich bereits zuvor in den klasseninternen Vorlesewettbewerben durchsetzen konnten. Neben bekannten Textstellen, die von den Teilnehmenden im Vorfeld ausgew\u00e4hlt und erprobt [&hellip;]<\/p>\n","protected":false},"author":3,"featured_media":2359,"comment_status":"open","ping_status":"open","sticky":false,"template":"","format":"standard","meta":{"_et_pb_use_builder":"off","_et_pb_old_content":"","_et_gb_content_width":"","footnotes":""},"categories":[3,1],"tags":[],"class_list":["post-2358","post","type-post","status-publish","format-standard","has-post-thumbnail","hentry","category-aktuelles","category-uncategorized"],"_links":{"self":[{"href":"https:\/\/www.schule-kell.de\/index.php?rest_route=\/wp\/v2\/posts\/2358","targetHints":{"allow":["GET"]}}],"collection":[{"href":"https:\/\/www.schule-kell.de\/index.php?rest_route=\/wp\/v2\/posts"}],"about":[{"href":"https:\/\/www.schule-kell.de\/index.php?rest_route=\/wp\/v2\/types\/post"}],"author":[{"embeddable":true,"href":"https:\/\/www.schule-kell.de\/index.php?rest_route=\/wp\/v2\/users\/3"}],"replies":[{"embeddable":true,"href":"https:\/\/www.schule-kell.de\/index.php?rest_route=%2Fwp%2Fv2%2Fcomments&post=2358"}],"version-history":[{"count":2,"href":"https:\/\/www.schule-kell.de\/index.php?rest_route=\/wp\/v2\/posts\/2358\/revisions"}],"predecessor-version":[{"id":2363,"href":"https:\/\/www.schule-kell.de\/index.php?rest_route=\/wp\/v2\/posts\/2358\/revisions\/2363"}],"wp:featuredmedia":[{"embeddable":true,"href":"https:\/\/www.schule-kell.de\/index.php?rest_route=\/wp\/v2\/media\/2359"}],"wp:attachment":[{"href":"https:\/\/www.schule-kell.de\/index.php?rest_route=%2Fwp%2Fv2%2Fmedia&parent=2358"}],"wp:term":[{"taxonomy":"category","embeddable":true,"href":"https:\/\/www.schule-kell.de\/index.php?rest_route=%2Fwp%2Fv2%2Fcategories&post=2358"},{"taxonomy":"post_tag","embeddable":true,"href":"https:\/\/www.schule-kell.de\/index.php?rest_route=%2Fwp%2Fv2%2Ftags&post=2358"}],"curies":[{"name":"wp","href":"https:\/\/api.w.org\/{rel}","templated":true}]}}