{"id":2329,"date":"2024-12-09T10:36:20","date_gmt":"2024-12-09T10:36:20","guid":{"rendered":"https:\/\/www.schule-kell.de\/?p=2329"},"modified":"2024-12-09T10:36:22","modified_gmt":"2024-12-09T10:36:22","slug":"vulkanismus-hautnah-7-a-erkundet-den-vulkanpark-mendig","status":"publish","type":"post","link":"https:\/\/www.schule-kell.de\/?p=2329","title":{"rendered":"Vulkanismus hautnah \u2013 7 a erkundet den Vulkanpark Mendig"},"content":{"rendered":"\n<p>Am Dienstag, 12.11.24, unternahm die Klasse 7a der Realschule plus Kell am See mit ihrer Klassenlehrerin Frau K\u00f6nig und ihrer Erdkundelehrerin Frau Roth einen spannenden Ausflug in den Vulkanpark Mendig.<\/p>\n\n\n\n<p>Die Reise begann am fr\u00fchen Morgen mit dem Zug von Trier nach Cochem, wo es dann in den Bus Richtung Mendig ging. Im Vulkanpark angekommen, tauchten die Sch\u00fclerinnen und Sch\u00fcler in die faszinierende Welt des Vulkanismus ein. Sie erfuhren, wie Vulkane entstehen, welche Kr\u00e4fte dabei wirken und welche Spuren sie in der Landschaft hinterlassen. Im Museum konnten zudem viele Dinge ausprobiert und bestaunt werden. So lie\u00dfen die Kinder im Modell einen Vulkan ausbrechen, bestimmten vulkanisches Gestein und gewannen spannende Einblicke in die Magmakammer der Eifel, in der es noch immer brodelt.<\/p>\n\n\n\n<p>Ein besonderes Highlight war der Animationsfilm im Lavadome, der die gewaltigen Eruptionen und die Entstehung von Lavagestein in der Eifel eindrucksvoll darstellte. Danach ging es hinab in den Lavakeller, ein weitl\u00e4ufiges System unterirdischer G\u00e4nge, das einst f\u00fcr den Abbau von Basaltlava genutzt wurde. Hier konnten die Jugendlichen die historische Nutzung der Lavakeller hautnah erleben.<\/p>\n\n\n\n<p>Den Abschluss des Tages bildete ein Besuch im Museumsladen, wo sich die Gruppe nochmals mit interessanten Informationen und Souvenirs eindecken konnte. Am sp\u00e4ten Nachmittag ging es dann mit dem Zug zur\u00fcck nach Trier.<\/p>\n\n\n\n<p>Der Ausflug war ein voller Erfolg und konnte den Sch\u00fclerinnen und Sch\u00fclern die faszinierende Welt des Vulkanismus auf spannende Weise n\u00e4herbringen.<\/p>\n\n\n\n<div class=\"wp-block-columns is-layout-flex wp-container-core-columns-is-layout-9d6595d7 wp-block-columns-is-layout-flex\">\n<div class=\"wp-block-column is-layout-flow wp-block-column-is-layout-flow\">\n<figure class=\"wp-block-image size-large\"><img loading=\"lazy\" decoding=\"async\" width=\"1024\" height=\"460\" src=\"https:\/\/www.schule-kell.de\/wp-content\/uploads\/2024\/12\/7a-Vulkanpark-Klasse-1024x460.jpg\" alt=\"\" class=\"wp-image-2330\" srcset=\"https:\/\/www.schule-kell.de\/wp-content\/uploads\/2024\/12\/7a-Vulkanpark-Klasse-980x440.jpg 980w, https:\/\/www.schule-kell.de\/wp-content\/uploads\/2024\/12\/7a-Vulkanpark-Klasse-480x216.jpg 480w\" sizes=\"auto, (min-width: 0px) and (max-width: 480px) 480px, (min-width: 481px) and (max-width: 980px) 980px, (min-width: 981px) 1024px, 100vw\" \/><\/figure>\n\n\n\n<div class=\"wp-block-columns is-layout-flex wp-container-core-columns-is-layout-9d6595d7 wp-block-columns-is-layout-flex\">\n<div class=\"wp-block-column is-layout-flow wp-block-column-is-layout-flow\">\n<figure class=\"wp-block-image size-large\"><img loading=\"lazy\" decoding=\"async\" width=\"460\" height=\"1024\" src=\"https:\/\/www.schule-kell.de\/wp-content\/uploads\/2024\/12\/7a-Vulkanpark-Experte-460x1024.jpg\" alt=\"\" class=\"wp-image-2331\"\/><\/figure>\n<\/div>\n\n\n\n<div class=\"wp-block-column is-layout-flow wp-block-column-is-layout-flow\">\n<figure class=\"wp-block-image size-large\"><img loading=\"lazy\" decoding=\"async\" width=\"460\" height=\"1024\" src=\"https:\/\/www.schule-kell.de\/wp-content\/uploads\/2024\/12\/7a-Vulkanpark-Gestein-460x1024.jpg\" alt=\"\" class=\"wp-image-2333\"\/><\/figure>\n<\/div>\n\n\n\n<div class=\"wp-block-column is-layout-flow wp-block-column-is-layout-flow\">\n<figure class=\"wp-block-image size-large\"><img loading=\"lazy\" decoding=\"async\" width=\"461\" height=\"1024\" src=\"https:\/\/www.schule-kell.de\/wp-content\/uploads\/2024\/12\/7a-Vulkanpark-Treppe-461x1024.jpg\" alt=\"\" class=\"wp-image-2334\"\/><\/figure>\n<\/div>\n<\/div>\n<\/div>\n<\/div>\n","protected":false},"excerpt":{"rendered":"<p>Am Dienstag, 12.11.24, unternahm die Klasse 7a der Realschule plus Kell am See mit ihrer Klassenlehrerin Frau K\u00f6nig und ihrer Erdkundelehrerin Frau Roth einen spannenden Ausflug in den Vulkanpark Mendig. Die Reise begann am fr\u00fchen Morgen mit dem Zug von Trier nach Cochem, wo es dann in den Bus Richtung Mendig ging. Im Vulkanpark angekommen, [&hellip;]<\/p>\n","protected":false},"author":3,"featured_media":2330,"comment_status":"open","ping_status":"open","sticky":false,"template":"","format":"standard","meta":{"_et_pb_use_builder":"off","_et_pb_old_content":"","_et_gb_content_width":"","footnotes":""},"categories":[3,1],"tags":[],"class_list":["post-2329","post","type-post","status-publish","format-standard","has-post-thumbnail","hentry","category-aktuelles","category-uncategorized"],"_links":{"self":[{"href":"https:\/\/www.schule-kell.de\/index.php?rest_route=\/wp\/v2\/posts\/2329","targetHints":{"allow":["GET"]}}],"collection":[{"href":"https:\/\/www.schule-kell.de\/index.php?rest_route=\/wp\/v2\/posts"}],"about":[{"href":"https:\/\/www.schule-kell.de\/index.php?rest_route=\/wp\/v2\/types\/post"}],"author":[{"embeddable":true,"href":"https:\/\/www.schule-kell.de\/index.php?rest_route=\/wp\/v2\/users\/3"}],"replies":[{"embeddable":true,"href":"https:\/\/www.schule-kell.de\/index.php?rest_route=%2Fwp%2Fv2%2Fcomments&post=2329"}],"version-history":[{"count":1,"href":"https:\/\/www.schule-kell.de\/index.php?rest_route=\/wp\/v2\/posts\/2329\/revisions"}],"predecessor-version":[{"id":2335,"href":"https:\/\/www.schule-kell.de\/index.php?rest_route=\/wp\/v2\/posts\/2329\/revisions\/2335"}],"wp:featuredmedia":[{"embeddable":true,"href":"https:\/\/www.schule-kell.de\/index.php?rest_route=\/wp\/v2\/media\/2330"}],"wp:attachment":[{"href":"https:\/\/www.schule-kell.de\/index.php?rest_route=%2Fwp%2Fv2%2Fmedia&parent=2329"}],"wp:term":[{"taxonomy":"category","embeddable":true,"href":"https:\/\/www.schule-kell.de\/index.php?rest_route=%2Fwp%2Fv2%2Fcategories&post=2329"},{"taxonomy":"post_tag","embeddable":true,"href":"https:\/\/www.schule-kell.de\/index.php?rest_route=%2Fwp%2Fv2%2Ftags&post=2329"}],"curies":[{"name":"wp","href":"https:\/\/api.w.org\/{rel}","templated":true}]}}