{"id":2323,"date":"2024-12-09T10:20:32","date_gmt":"2024-12-09T10:20:32","guid":{"rendered":"https:\/\/www.schule-kell.de\/?p=2323"},"modified":"2024-12-09T10:20:34","modified_gmt":"2024-12-09T10:20:34","slug":"die-klasse-6a-zu-gast-in-der-schatzkammer-der-stadtbuecherei-trier","status":"publish","type":"post","link":"https:\/\/www.schule-kell.de\/?p=2323","title":{"rendered":"Die Klasse 6a zu Gast in der Schatzkammer der Stadtb\u00fccherei Trier"},"content":{"rendered":"\n<p>Gemeinsam mit ihrer Klassenleiterin Frau Koch und Frau Wichmann (Schulsozialarbeiterin) erkundeten die Sch\u00fclerinnen und Sch\u00fcler die Schatzkammer, in der insgesamt 40 B\u00fcchersch\u00e4tze ausgestellt sind. Das \u00e4lteste Buch ist 1300 Jahre alt. Die B\u00fccher wurden damals noch auf Pergament von Hand geschrieben und bemalt. W\u00e4hrend 39 B\u00fccher auf Latein geschrieben sind, befindet sich eins auf Arabisch. Hier kann man einen Ausschnitt aus dem Koran lesen. Eine Mitsch\u00fclerin hat ihrer Klasse den ausgestellten Textauszug vorgelesen und \u00fcbersetzt. Die B\u00fccher beinhalten meist biblische Texte, da sie von M\u00f6nchen geschrieben wurden. Es gibt aber auch naturwissenschaftliche B\u00fccher und einen musikalischen Choral.\u00a0Die Bilder sind sehr aufw\u00e4ndig gearbeitet und teilweise mit echtem Gold gezeichnet. Ein Buch hat einen ganz besonderen Au\u00dfenband, der mit Gold und Edelsteinen verziert ist. Besonders fasziniert waren wir auch von den beiden Globen.\u00a0<\/p>\n\n\n\n<p>Vielen Dank f\u00fcr diese sch\u00f6ne F\u00fchrung und daf\u00fcr, dass wir einen Eindruck in die Trierer Schatzkammer bekommen durften.&nbsp;<\/p>\n\n\n\n<figure class=\"wp-block-image size-full\"><img loading=\"lazy\" decoding=\"async\" width=\"640\" height=\"480\" src=\"https:\/\/www.schule-kell.de\/wp-content\/uploads\/2024\/12\/6a-Schatzkammer-Experte.jpeg\" alt=\"\" class=\"wp-image-2324\" srcset=\"https:\/\/www.schule-kell.de\/wp-content\/uploads\/2024\/12\/6a-Schatzkammer-Experte.jpeg 640w, https:\/\/www.schule-kell.de\/wp-content\/uploads\/2024\/12\/6a-Schatzkammer-Experte-480x360.jpeg 480w\" sizes=\"auto, (min-width: 0px) and (max-width: 480px) 480px, (min-width: 481px) 640px, 100vw\" \/><\/figure>\n\n\n\n<div class=\"wp-block-columns is-layout-flex wp-container-core-columns-is-layout-9d6595d7 wp-block-columns-is-layout-flex\">\n<div class=\"wp-block-column is-layout-flow wp-block-column-is-layout-flow\">\n<figure class=\"wp-block-image size-full\"><img loading=\"lazy\" decoding=\"async\" width=\"480\" height=\"640\" src=\"https:\/\/www.schule-kell.de\/wp-content\/uploads\/2024\/12\/6a-Schatzkammer-goldenes-Buch-rotated.jpeg\" alt=\"\" class=\"wp-image-2325\" srcset=\"https:\/\/www.schule-kell.de\/wp-content\/uploads\/2024\/12\/6a-Schatzkammer-goldenes-Buch-rotated.jpeg 480w, https:\/\/www.schule-kell.de\/wp-content\/uploads\/2024\/12\/6a-Schatzkammer-goldenes-Buch-225x300.jpeg 225w\" sizes=\"auto, (max-width: 480px) 100vw, 480px\" \/><\/figure>\n<\/div>\n\n\n\n<div class=\"wp-block-column is-layout-flow wp-block-column-is-layout-flow\">\n<figure class=\"wp-block-image size-full\"><img loading=\"lazy\" decoding=\"async\" width=\"480\" height=\"640\" src=\"https:\/\/www.schule-kell.de\/wp-content\/uploads\/2024\/12\/6a-Schatzkammer-Globen-rotated.jpeg\" alt=\"\" class=\"wp-image-2326\" srcset=\"https:\/\/www.schule-kell.de\/wp-content\/uploads\/2024\/12\/6a-Schatzkammer-Globen-rotated.jpeg 480w, https:\/\/www.schule-kell.de\/wp-content\/uploads\/2024\/12\/6a-Schatzkammer-Globen-225x300.jpeg 225w\" sizes=\"auto, (max-width: 480px) 100vw, 480px\" \/><\/figure>\n<\/div>\n<\/div>\n","protected":false},"excerpt":{"rendered":"<p>Gemeinsam mit ihrer Klassenleiterin Frau Koch und Frau Wichmann (Schulsozialarbeiterin) erkundeten die Sch\u00fclerinnen und Sch\u00fcler die Schatzkammer, in der insgesamt 40 B\u00fcchersch\u00e4tze ausgestellt sind. Das \u00e4lteste Buch ist 1300 Jahre alt. Die B\u00fccher wurden damals noch auf Pergament von Hand geschrieben und bemalt. W\u00e4hrend 39 B\u00fccher auf Latein geschrieben sind, befindet sich eins auf Arabisch. [&hellip;]<\/p>\n","protected":false},"author":3,"featured_media":2324,"comment_status":"open","ping_status":"open","sticky":false,"template":"","format":"standard","meta":{"_et_pb_use_builder":"off","_et_pb_old_content":"","_et_gb_content_width":"","footnotes":""},"categories":[3,1],"tags":[],"class_list":["post-2323","post","type-post","status-publish","format-standard","has-post-thumbnail","hentry","category-aktuelles","category-uncategorized"],"_links":{"self":[{"href":"https:\/\/www.schule-kell.de\/index.php?rest_route=\/wp\/v2\/posts\/2323","targetHints":{"allow":["GET"]}}],"collection":[{"href":"https:\/\/www.schule-kell.de\/index.php?rest_route=\/wp\/v2\/posts"}],"about":[{"href":"https:\/\/www.schule-kell.de\/index.php?rest_route=\/wp\/v2\/types\/post"}],"author":[{"embeddable":true,"href":"https:\/\/www.schule-kell.de\/index.php?rest_route=\/wp\/v2\/users\/3"}],"replies":[{"embeddable":true,"href":"https:\/\/www.schule-kell.de\/index.php?rest_route=%2Fwp%2Fv2%2Fcomments&post=2323"}],"version-history":[{"count":1,"href":"https:\/\/www.schule-kell.de\/index.php?rest_route=\/wp\/v2\/posts\/2323\/revisions"}],"predecessor-version":[{"id":2327,"href":"https:\/\/www.schule-kell.de\/index.php?rest_route=\/wp\/v2\/posts\/2323\/revisions\/2327"}],"wp:featuredmedia":[{"embeddable":true,"href":"https:\/\/www.schule-kell.de\/index.php?rest_route=\/wp\/v2\/media\/2324"}],"wp:attachment":[{"href":"https:\/\/www.schule-kell.de\/index.php?rest_route=%2Fwp%2Fv2%2Fmedia&parent=2323"}],"wp:term":[{"taxonomy":"category","embeddable":true,"href":"https:\/\/www.schule-kell.de\/index.php?rest_route=%2Fwp%2Fv2%2Fcategories&post=2323"},{"taxonomy":"post_tag","embeddable":true,"href":"https:\/\/www.schule-kell.de\/index.php?rest_route=%2Fwp%2Fv2%2Ftags&post=2323"}],"curies":[{"name":"wp","href":"https:\/\/api.w.org\/{rel}","templated":true}]}}