{"id":2317,"date":"2024-11-29T06:38:45","date_gmt":"2024-11-29T06:38:45","guid":{"rendered":"https:\/\/www.schule-kell.de\/?p=2317"},"modified":"2024-11-29T06:38:46","modified_gmt":"2024-11-29T06:38:46","slug":"anmeldezeitraum-fuer-das-kommende-5-schuljahr","status":"publish","type":"post","link":"https:\/\/www.schule-kell.de\/?p=2317","title":{"rendered":"Anmeldezeitraum f\u00fcr das kommende 5. Schuljahr"},"content":{"rendered":"\n<p>Liebe Eltern und Erziehungsberechtigte,<\/p>\n\n\n\n<p>im neuen Kalenderjahr starten die Anmeldungen f\u00fcr das kommende 5. Schuljahr. <strong>Der offizielle Anmeldezeitraum startet am 03.02.2025<\/strong>.<\/p>\n\n\n\n<p><strong>Ab Anfang Januar stellen wir Ihnen ein Online-Tool zur Verf\u00fcgung, mit dem Sie sich ganz bequem von Zuhause einen Anmeldetermin buchen k\u00f6nnen.<\/strong> Auch informieren wir Sie im Vorfeld, welche Unterlagen und Formulare f\u00fcr die Anmeldung ben\u00f6tigt werden. Alle Formulare sind dann auch vorab zum Download verf\u00fcgbar.<\/p>\n\n\n\n<p>Wir freuen uns darauf, Sie und Ihr Kind an unserer Schule begr\u00fc\u00dfen zu d\u00fcrfen! <\/p>\n\n\n\n<p>Stellvertretend f\u00fcr die Schulgemeinschaft,<\/p>\n\n\n\n<p>Sebastian Stra\u00dfer (Schulleiter)<\/p>\n","protected":false},"excerpt":{"rendered":"<p>Liebe Eltern und Erziehungsberechtigte, im neuen Kalenderjahr starten die Anmeldungen f\u00fcr das kommende 5. Schuljahr. Der offizielle Anmeldezeitraum startet am 03.02.2025. Ab Anfang Januar stellen wir Ihnen ein Online-Tool zur Verf\u00fcgung, mit dem Sie sich ganz bequem von Zuhause einen Anmeldetermin buchen k\u00f6nnen. Auch informieren wir Sie im Vorfeld, welche Unterlagen und Formulare f\u00fcr die [&hellip;]<\/p>\n","protected":false},"author":4,"featured_media":547,"comment_status":"open","ping_status":"open","sticky":false,"template":"","format":"standard","meta":{"_et_pb_use_builder":"off","_et_pb_old_content":"","_et_gb_content_width":"","footnotes":""},"categories":[3],"tags":[],"class_list":["post-2317","post","type-post","status-publish","format-standard","has-post-thumbnail","hentry","category-aktuelles"],"_links":{"self":[{"href":"https:\/\/www.schule-kell.de\/index.php?rest_route=\/wp\/v2\/posts\/2317","targetHints":{"allow":["GET"]}}],"collection":[{"href":"https:\/\/www.schule-kell.de\/index.php?rest_route=\/wp\/v2\/posts"}],"about":[{"href":"https:\/\/www.schule-kell.de\/index.php?rest_route=\/wp\/v2\/types\/post"}],"author":[{"embeddable":true,"href":"https:\/\/www.schule-kell.de\/index.php?rest_route=\/wp\/v2\/users\/4"}],"replies":[{"embeddable":true,"href":"https:\/\/www.schule-kell.de\/index.php?rest_route=%2Fwp%2Fv2%2Fcomments&post=2317"}],"version-history":[{"count":1,"href":"https:\/\/www.schule-kell.de\/index.php?rest_route=\/wp\/v2\/posts\/2317\/revisions"}],"predecessor-version":[{"id":2318,"href":"https:\/\/www.schule-kell.de\/index.php?rest_route=\/wp\/v2\/posts\/2317\/revisions\/2318"}],"wp:featuredmedia":[{"embeddable":true,"href":"https:\/\/www.schule-kell.de\/index.php?rest_route=\/wp\/v2\/media\/547"}],"wp:attachment":[{"href":"https:\/\/www.schule-kell.de\/index.php?rest_route=%2Fwp%2Fv2%2Fmedia&parent=2317"}],"wp:term":[{"taxonomy":"category","embeddable":true,"href":"https:\/\/www.schule-kell.de\/index.php?rest_route=%2Fwp%2Fv2%2Fcategories&post=2317"},{"taxonomy":"post_tag","embeddable":true,"href":"https:\/\/www.schule-kell.de\/index.php?rest_route=%2Fwp%2Fv2%2Ftags&post=2317"}],"curies":[{"name":"wp","href":"https:\/\/api.w.org\/{rel}","templated":true}]}}