{"id":2315,"date":"2024-11-25T06:00:19","date_gmt":"2024-11-25T06:00:19","guid":{"rendered":"https:\/\/www.schule-kell.de\/?p=2315"},"modified":"2024-11-25T06:00:21","modified_gmt":"2024-11-25T06:00:21","slug":"mitgliederversammlung-des-foerdervereins","status":"publish","type":"post","link":"https:\/\/www.schule-kell.de\/?p=2315","title":{"rendered":"Mitgliederversammlung des F\u00f6rdervereins"},"content":{"rendered":"\n<p><em>Am <strong>Donnerstag, dem 12. Dezember 2024, findet um 18.30 Uhr<\/strong> in der Aula der Realschule Plus in Kell am See eine Mitgliederversammlung statt.&nbsp;<\/em><\/p>\n\n\n\n<p><em>Folgende Tagesordnung ist vorgesehen:&nbsp;<\/em><\/p>\n\n\n\n<p><em>1. Begr\u00fc\u00dfung und Er\u00f6ffnung<\/em><\/p>\n\n\n\n<p><em>2. Festellung der Anwesenheit<\/em><\/p>\n\n\n\n<p><em>3. Bericht des Vorsitzenden&nbsp;<\/em><\/p>\n\n\n\n<p><em>4. Bericht der Kassenwartin&nbsp;<\/em><\/p>\n\n\n\n<p><em>5. Neuigkeiten aus der Schule<\/em><\/p>\n\n\n\n<p><em>6. Aussprache zu den Berichten<\/em><\/p>\n\n\n\n<p><em>7. Bericht der Kassenpr\u00fcfer<\/em><\/p>\n\n\n\n<p><em>8. Entlastung des Vorstandes<\/em><\/p>\n\n\n\n<p>9. Aktivit\u00e4ten im Jahr 2025<\/p>\n\n\n\n<p><em>10. Verschiedenes&nbsp;<\/em><\/p>\n\n\n\n<p><em>Alle Mitglieder des F\u00f6rdervereins sind zu dieser Versammlung ganz herzlich eingeladen. Eine pers\u00f6nliche Einladung ergeht nicht.&nbsp;<\/em><\/p>\n\n\n\n<p><em>Der Vorstand<\/em><\/p>\n","protected":false},"excerpt":{"rendered":"<p>Am Donnerstag, dem 12. Dezember 2024, findet um 18.30 Uhr in der Aula der Realschule Plus in Kell am See eine Mitgliederversammlung statt.&nbsp; Folgende Tagesordnung ist vorgesehen:&nbsp; 1. Begr\u00fc\u00dfung und Er\u00f6ffnung 2. Festellung der Anwesenheit 3. Bericht des Vorsitzenden&nbsp; 4. Bericht der Kassenwartin&nbsp; 5. Neuigkeiten aus der Schule 6. Aussprache zu den Berichten 7. Bericht [&hellip;]<\/p>\n","protected":false},"author":4,"featured_media":646,"comment_status":"open","ping_status":"open","sticky":false,"template":"","format":"standard","meta":{"_et_pb_use_builder":"off","_et_pb_old_content":"","_et_gb_content_width":"","footnotes":""},"categories":[3],"tags":[],"class_list":["post-2315","post","type-post","status-publish","format-standard","has-post-thumbnail","hentry","category-aktuelles"],"_links":{"self":[{"href":"https:\/\/www.schule-kell.de\/index.php?rest_route=\/wp\/v2\/posts\/2315","targetHints":{"allow":["GET"]}}],"collection":[{"href":"https:\/\/www.schule-kell.de\/index.php?rest_route=\/wp\/v2\/posts"}],"about":[{"href":"https:\/\/www.schule-kell.de\/index.php?rest_route=\/wp\/v2\/types\/post"}],"author":[{"embeddable":true,"href":"https:\/\/www.schule-kell.de\/index.php?rest_route=\/wp\/v2\/users\/4"}],"replies":[{"embeddable":true,"href":"https:\/\/www.schule-kell.de\/index.php?rest_route=%2Fwp%2Fv2%2Fcomments&post=2315"}],"version-history":[{"count":1,"href":"https:\/\/www.schule-kell.de\/index.php?rest_route=\/wp\/v2\/posts\/2315\/revisions"}],"predecessor-version":[{"id":2316,"href":"https:\/\/www.schule-kell.de\/index.php?rest_route=\/wp\/v2\/posts\/2315\/revisions\/2316"}],"wp:featuredmedia":[{"embeddable":true,"href":"https:\/\/www.schule-kell.de\/index.php?rest_route=\/wp\/v2\/media\/646"}],"wp:attachment":[{"href":"https:\/\/www.schule-kell.de\/index.php?rest_route=%2Fwp%2Fv2%2Fmedia&parent=2315"}],"wp:term":[{"taxonomy":"category","embeddable":true,"href":"https:\/\/www.schule-kell.de\/index.php?rest_route=%2Fwp%2Fv2%2Fcategories&post=2315"},{"taxonomy":"post_tag","embeddable":true,"href":"https:\/\/www.schule-kell.de\/index.php?rest_route=%2Fwp%2Fv2%2Ftags&post=2315"}],"curies":[{"name":"wp","href":"https:\/\/api.w.org\/{rel}","templated":true}]}}