{"id":2281,"date":"2024-10-07T07:28:16","date_gmt":"2024-10-07T07:28:16","guid":{"rendered":"https:\/\/www.schule-kell.de\/?p=2281"},"modified":"2024-10-07T07:28:46","modified_gmt":"2024-10-07T07:28:46","slug":"adventskraenze-und-gestecke-in-diesem-jahr","status":"publish","type":"post","link":"https:\/\/www.schule-kell.de\/?p=2281","title":{"rendered":"Adventskr\u00e4nze und Gestecke in diesem Jahr"},"content":{"rendered":"\n<p>Liebe Eltern und Erziehungsberechtigte,<\/p>\n\n\n\n<p>in den letzten Jahren wurden bei uns durch viel Flei\u00df und Engagement zur Adventszeit weihnachtliche Dekorationen angefertigt und \u00fcber die Schule f\u00fcr den guten Zweck verkauft. Im aktuellen Schuljahr sind wir nach reiflicher \u00dcberlegung zu dem Entschuss gekommen, dass wir leider keine Adventsdekoration anbieten k\u00f6nnen. Aufgrund einer F\u00fclle von weiteren schulischen Veranstaltungen sehen wir uns leider zu diesem Schritt gezwungen. Vielen Dank f\u00fcr das Verst\u00e4ndnis.<\/p>\n\n\n\n<p>Wir sind guter Dinge, dass wir im kommenden Jahr wieder Kapazit\u00e4ten haben, um Ihnen Dekorationen anbieten zu k\u00f6nnen.<\/p>\n","protected":false},"excerpt":{"rendered":"<p>Liebe Eltern und Erziehungsberechtigte, in den letzten Jahren wurden bei uns durch viel Flei\u00df und Engagement zur Adventszeit weihnachtliche Dekorationen angefertigt und \u00fcber die Schule f\u00fcr den guten Zweck verkauft. Im aktuellen Schuljahr sind wir nach reiflicher \u00dcberlegung zu dem Entschuss gekommen, dass wir leider keine Adventsdekoration anbieten k\u00f6nnen. Aufgrund einer F\u00fclle von weiteren schulischen [&hellip;]<\/p>\n","protected":false},"author":4,"featured_media":2282,"comment_status":"open","ping_status":"open","sticky":false,"template":"","format":"standard","meta":{"_et_pb_use_builder":"off","_et_pb_old_content":"","_et_gb_content_width":"","footnotes":""},"categories":[3],"tags":[],"class_list":["post-2281","post","type-post","status-publish","format-standard","has-post-thumbnail","hentry","category-aktuelles"],"_links":{"self":[{"href":"https:\/\/www.schule-kell.de\/index.php?rest_route=\/wp\/v2\/posts\/2281","targetHints":{"allow":["GET"]}}],"collection":[{"href":"https:\/\/www.schule-kell.de\/index.php?rest_route=\/wp\/v2\/posts"}],"about":[{"href":"https:\/\/www.schule-kell.de\/index.php?rest_route=\/wp\/v2\/types\/post"}],"author":[{"embeddable":true,"href":"https:\/\/www.schule-kell.de\/index.php?rest_route=\/wp\/v2\/users\/4"}],"replies":[{"embeddable":true,"href":"https:\/\/www.schule-kell.de\/index.php?rest_route=%2Fwp%2Fv2%2Fcomments&post=2281"}],"version-history":[{"count":2,"href":"https:\/\/www.schule-kell.de\/index.php?rest_route=\/wp\/v2\/posts\/2281\/revisions"}],"predecessor-version":[{"id":2284,"href":"https:\/\/www.schule-kell.de\/index.php?rest_route=\/wp\/v2\/posts\/2281\/revisions\/2284"}],"wp:featuredmedia":[{"embeddable":true,"href":"https:\/\/www.schule-kell.de\/index.php?rest_route=\/wp\/v2\/media\/2282"}],"wp:attachment":[{"href":"https:\/\/www.schule-kell.de\/index.php?rest_route=%2Fwp%2Fv2%2Fmedia&parent=2281"}],"wp:term":[{"taxonomy":"category","embeddable":true,"href":"https:\/\/www.schule-kell.de\/index.php?rest_route=%2Fwp%2Fv2%2Fcategories&post=2281"},{"taxonomy":"post_tag","embeddable":true,"href":"https:\/\/www.schule-kell.de\/index.php?rest_route=%2Fwp%2Fv2%2Ftags&post=2281"}],"curies":[{"name":"wp","href":"https:\/\/api.w.org\/{rel}","templated":true}]}}