{"id":2272,"date":"2024-09-30T15:41:41","date_gmt":"2024-09-30T15:41:41","guid":{"rendered":"https:\/\/www.schule-kell.de\/?p=2272"},"modified":"2024-09-30T15:41:43","modified_gmt":"2024-09-30T15:41:43","slug":"besuch-der-bildungsmesse-bbs-saarburg-hermeskeil","status":"publish","type":"post","link":"https:\/\/www.schule-kell.de\/?p=2272","title":{"rendered":"Besuch der Bildungsmesse BBS Saarburg Hermeskeil"},"content":{"rendered":"\n<p>Am Freitag, den 29.09.2024, hatten die Sch\u00fclerinnen und Sch\u00fcler der neunten Klassen unserer Schule die Gelegenheit, die Bildungsmesse der Geschwister-Scholl-Schule in Hermeskeil zu besuchen. Diese Veranstaltung ist ein wichtiges Element der Berufsorientierung und bot wertvolle Einblicke in verschiedene Berufsfelder und Ausbildungsm\u00f6glichkeiten.<\/p>\n\n\n\n<p>Nach der Begr\u00fc\u00dfung durch den kommissarischen Leiter, Herrn Oberstudienrat Erik Schulze, wurden die Sch\u00fcler von Scouts durch die Berufsbildende Schule gef\u00fchrt und erhielten Informationen \u00fcber die Berufsfelder \u201eWirtschaft, Verwaltung, Bautechnik, Elektrotechnik, Holztechnik, Metalltechnik und Pflege\u201c.<\/p>\n\n\n\n<p>Rund 50 Aussteller pr\u00e4sentierten sich, darunter Vertreter des Polizeipr\u00e4sidiums Trier, der Katholischen Kitas gGmbH Trier, Komage, Bilstein, Hochwald, der Sparkasse Trier und der Kreisverwaltung Trier-Saarburg und viele mehr.<\/p>\n\n\n\n<p>Diese Vielfalt erm\u00f6glichte den Jugendlichen, sich \u00fcber Ausbildungs- und Aufstiegsm\u00f6glichkeiten zu informieren und Kontakte zu potenziellen Arbeitgebern zu kn\u00fcpfen.<\/p>\n\n\n\n<p>Die Lehrkr\u00e4fte f\u00fchrten Gespr\u00e4che mit Vertretern der ausstellenden Firmen und den Kolleginnen der Berufsbildenden Schule. Zudem trafen wir viele ehemalige Sch\u00fclerinnen und Sch\u00fcler, die von ihrem Werdegang berichteten.<\/p>\n\n\n\n<p>Wir danken dem Team der BBS Hermeskeil f\u00fcr die gelungene Organisation und Gastfreundschaft. Die Bildungsmesse war ein gro\u00dfer Erfolg und gab unseren Sch\u00fclerinnen und Sch\u00fclern wertvolle Impulse f\u00fcr ihre berufliche Zukunft. Wir freuen uns auf das n\u00e4chste Jahr und sind gespannt auf neue M\u00f6glichkeiten und Eindr\u00fccke.<\/p>\n\n\n\n<figure class=\"wp-block-gallery has-nested-images columns-default is-cropped wp-block-gallery-1 is-layout-flex wp-block-gallery-is-layout-flex\">\n<figure class=\"wp-block-image size-large\"><img loading=\"lazy\" decoding=\"async\" width=\"1024\" height=\"768\" data-id=\"2273\" src=\"https:\/\/www.schule-kell.de\/wp-content\/uploads\/2024\/09\/IMG_20240927_095539-1024x768.jpg\" alt=\"\" class=\"wp-image-2273\" srcset=\"https:\/\/www.schule-kell.de\/wp-content\/uploads\/2024\/09\/IMG_20240927_095539-980x735.jpg 980w, https:\/\/www.schule-kell.de\/wp-content\/uploads\/2024\/09\/IMG_20240927_095539-480x360.jpg 480w\" sizes=\"auto, (min-width: 0px) and (max-width: 480px) 480px, (min-width: 481px) and (max-width: 980px) 980px, (min-width: 981px) 1024px, 100vw\" \/><\/figure>\n\n\n\n<figure class=\"wp-block-image size-large\"><img loading=\"lazy\" decoding=\"async\" width=\"768\" height=\"1024\" data-id=\"2275\" src=\"https:\/\/www.schule-kell.de\/wp-content\/uploads\/2024\/09\/IMG_20240927_103354-768x1024.jpg\" alt=\"\" class=\"wp-image-2275\"\/><\/figure>\n\n\n\n<figure class=\"wp-block-image size-large\"><img loading=\"lazy\" decoding=\"async\" width=\"1024\" height=\"768\" data-id=\"2274\" src=\"https:\/\/www.schule-kell.de\/wp-content\/uploads\/2024\/09\/IMG_20240927_110820-1024x768.jpg\" alt=\"\" class=\"wp-image-2274\" srcset=\"https:\/\/www.schule-kell.de\/wp-content\/uploads\/2024\/09\/IMG_20240927_110820-980x735.jpg 980w, https:\/\/www.schule-kell.de\/wp-content\/uploads\/2024\/09\/IMG_20240927_110820-480x360.jpg 480w\" sizes=\"auto, (min-width: 0px) and (max-width: 480px) 480px, (min-width: 481px) and (max-width: 980px) 980px, (min-width: 981px) 1024px, 100vw\" \/><\/figure>\n\n\n\n<figure class=\"wp-block-image size-large\"><img loading=\"lazy\" decoding=\"async\" width=\"768\" height=\"1024\" data-id=\"2276\" src=\"https:\/\/www.schule-kell.de\/wp-content\/uploads\/2024\/09\/IMG_20240927_112326-768x1024.jpg\" alt=\"\" class=\"wp-image-2276\"\/><\/figure>\n<\/figure>\n","protected":false},"excerpt":{"rendered":"<p>Am Freitag, den 29.09.2024, hatten die Sch\u00fclerinnen und Sch\u00fcler der neunten Klassen unserer Schule die Gelegenheit, die Bildungsmesse der Geschwister-Scholl-Schule in Hermeskeil zu besuchen. Diese Veranstaltung ist ein wichtiges Element der Berufsorientierung und bot wertvolle Einblicke in verschiedene Berufsfelder und Ausbildungsm\u00f6glichkeiten. Nach der Begr\u00fc\u00dfung durch den kommissarischen Leiter, Herrn Oberstudienrat Erik Schulze, wurden die Sch\u00fcler [&hellip;]<\/p>\n","protected":false},"author":4,"featured_media":2273,"comment_status":"open","ping_status":"open","sticky":false,"template":"","format":"standard","meta":{"_et_pb_use_builder":"off","_et_pb_old_content":"","_et_gb_content_width":"","footnotes":""},"categories":[3],"tags":[],"class_list":["post-2272","post","type-post","status-publish","format-standard","has-post-thumbnail","hentry","category-aktuelles"],"_links":{"self":[{"href":"https:\/\/www.schule-kell.de\/index.php?rest_route=\/wp\/v2\/posts\/2272","targetHints":{"allow":["GET"]}}],"collection":[{"href":"https:\/\/www.schule-kell.de\/index.php?rest_route=\/wp\/v2\/posts"}],"about":[{"href":"https:\/\/www.schule-kell.de\/index.php?rest_route=\/wp\/v2\/types\/post"}],"author":[{"embeddable":true,"href":"https:\/\/www.schule-kell.de\/index.php?rest_route=\/wp\/v2\/users\/4"}],"replies":[{"embeddable":true,"href":"https:\/\/www.schule-kell.de\/index.php?rest_route=%2Fwp%2Fv2%2Fcomments&post=2272"}],"version-history":[{"count":1,"href":"https:\/\/www.schule-kell.de\/index.php?rest_route=\/wp\/v2\/posts\/2272\/revisions"}],"predecessor-version":[{"id":2277,"href":"https:\/\/www.schule-kell.de\/index.php?rest_route=\/wp\/v2\/posts\/2272\/revisions\/2277"}],"wp:featuredmedia":[{"embeddable":true,"href":"https:\/\/www.schule-kell.de\/index.php?rest_route=\/wp\/v2\/media\/2273"}],"wp:attachment":[{"href":"https:\/\/www.schule-kell.de\/index.php?rest_route=%2Fwp%2Fv2%2Fmedia&parent=2272"}],"wp:term":[{"taxonomy":"category","embeddable":true,"href":"https:\/\/www.schule-kell.de\/index.php?rest_route=%2Fwp%2Fv2%2Fcategories&post=2272"},{"taxonomy":"post_tag","embeddable":true,"href":"https:\/\/www.schule-kell.de\/index.php?rest_route=%2Fwp%2Fv2%2Ftags&post=2272"}],"curies":[{"name":"wp","href":"https:\/\/api.w.org\/{rel}","templated":true}]}}