{"id":2251,"date":"2025-10-31T08:25:36","date_gmt":"2025-10-31T08:25:36","guid":{"rendered":"https:\/\/www.schule-kell.de\/?p=2251"},"modified":"2025-10-31T08:25:38","modified_gmt":"2025-10-31T08:25:38","slug":"tag-der-offenen-tuer-fuer-viertklaesslerinnen-am-09-11-2024","status":"publish","type":"post","link":"https:\/\/www.schule-kell.de\/?p=2251","title":{"rendered":"JETZT ANMELDEN! Tag der offenen T\u00fcr f\u00fcr Viertkl\u00e4ssler*innen am 08.11.2025"},"content":{"rendered":"\n<p>Am Samstag, den 08.11.2025 findet unser diesj\u00e4hriger Tag der offenen T\u00fcr f\u00fcr die Viertkl\u00e4ssler*innen der Grundschulen statt. Alle Sch\u00fcler*innen, Eltern und Erziehunsgberechtigte sind herzlich eingeladen, unsere Schule und unser p\u00e4dagogisches Angebot kennenzulernen.<\/p>\n\n\n\n<p>Es wartet ein spannendes Mitmachangebot f\u00fcr die Sch\u00fcler*innen!<\/p>\n\n\n\n<p><strong>Hier geht&#8217;s direkt zur Anmeldung:<\/strong><\/p>\n\n\n\n<p><a href=\"https:\/\/app.guestoo.de\/public\/event\/08af0fd1-819a-40d8-b256-33902e0d1654?lang=de\">https:\/\/app.guestoo.de\/public\/event\/08af0fd1-819a-40d8-b256-33902e0d1654?lang=de<\/a><\/p>\n\n\n\n<p>Wir freuen uns auf Euch!<\/p>\n\n\n\n<figure class=\"wp-block-image aligncenter size-large\"><img loading=\"lazy\" decoding=\"async\" width=\"724\" height=\"1024\" src=\"https:\/\/www.schule-kell.de\/wp-content\/uploads\/2024\/10\/Seite01-724x1024.jpg\" alt=\"\" class=\"wp-image-2570\"\/><\/figure>\n","protected":false},"excerpt":{"rendered":"<p>Am Samstag, den 08.11.2025 findet unser diesj\u00e4hriger Tag der offenen T\u00fcr f\u00fcr die Viertkl\u00e4ssler*innen der Grundschulen statt. Alle Sch\u00fcler*innen, Eltern und Erziehunsgberechtigte sind herzlich eingeladen, unsere Schule und unser p\u00e4dagogisches Angebot kennenzulernen. Es wartet ein spannendes Mitmachangebot f\u00fcr die Sch\u00fcler*innen! Hier geht&#8217;s direkt zur Anmeldung: https:\/\/app.guestoo.de\/public\/event\/08af0fd1-819a-40d8-b256-33902e0d1654?lang=de Wir freuen uns auf Euch!<\/p>\n","protected":false},"author":4,"featured_media":2570,"comment_status":"open","ping_status":"open","sticky":false,"template":"","format":"standard","meta":{"_et_pb_use_builder":"off","_et_pb_old_content":"","_et_gb_content_width":"","footnotes":""},"categories":[3],"tags":[],"class_list":["post-2251","post","type-post","status-publish","format-standard","has-post-thumbnail","hentry","category-aktuelles"],"_links":{"self":[{"href":"https:\/\/www.schule-kell.de\/index.php?rest_route=\/wp\/v2\/posts\/2251","targetHints":{"allow":["GET"]}}],"collection":[{"href":"https:\/\/www.schule-kell.de\/index.php?rest_route=\/wp\/v2\/posts"}],"about":[{"href":"https:\/\/www.schule-kell.de\/index.php?rest_route=\/wp\/v2\/types\/post"}],"author":[{"embeddable":true,"href":"https:\/\/www.schule-kell.de\/index.php?rest_route=\/wp\/v2\/users\/4"}],"replies":[{"embeddable":true,"href":"https:\/\/www.schule-kell.de\/index.php?rest_route=%2Fwp%2Fv2%2Fcomments&post=2251"}],"version-history":[{"count":6,"href":"https:\/\/www.schule-kell.de\/index.php?rest_route=\/wp\/v2\/posts\/2251\/revisions"}],"predecessor-version":[{"id":2571,"href":"https:\/\/www.schule-kell.de\/index.php?rest_route=\/wp\/v2\/posts\/2251\/revisions\/2571"}],"wp:featuredmedia":[{"embeddable":true,"href":"https:\/\/www.schule-kell.de\/index.php?rest_route=\/wp\/v2\/media\/2570"}],"wp:attachment":[{"href":"https:\/\/www.schule-kell.de\/index.php?rest_route=%2Fwp%2Fv2%2Fmedia&parent=2251"}],"wp:term":[{"taxonomy":"category","embeddable":true,"href":"https:\/\/www.schule-kell.de\/index.php?rest_route=%2Fwp%2Fv2%2Fcategories&post=2251"},{"taxonomy":"post_tag","embeddable":true,"href":"https:\/\/www.schule-kell.de\/index.php?rest_route=%2Fwp%2Fv2%2Ftags&post=2251"}],"curies":[{"name":"wp","href":"https:\/\/api.w.org\/{rel}","templated":true}]}}