{"id":2226,"date":"2024-07-18T05:27:28","date_gmt":"2024-07-18T05:27:28","guid":{"rendered":"https:\/\/www.schule-kell.de\/?p=2226"},"modified":"2024-07-18T05:27:30","modified_gmt":"2024-07-18T05:27:30","slug":"die-neuen-mobilen-klassenraeume-stehen","status":"publish","type":"post","link":"https:\/\/www.schule-kell.de\/?p=2226","title":{"rendered":"Die neuen mobilen Klassenr\u00e4ume stehen"},"content":{"rendered":"\n<p>Bereits am dritten Tag der Sommerferien sind alle neuen, mobilen Klassenr\u00e4ume an ihrem Platz! Nun bleibt ausreichend Zeit f\u00fcr den Innenausbau und die Au\u00dfenanlagen, damit wir p\u00fcnktlich zu Schulbeginn starten k\u00f6nnen&#8230; Wir freuen uns!<\/p>\n\n\n\n<figure class=\"wp-block-image size-large\"><img loading=\"lazy\" decoding=\"async\" width=\"768\" height=\"1024\" src=\"https:\/\/www.schule-kell.de\/wp-content\/uploads\/2024\/07\/1721279680670-768x1024.jpg\" alt=\"\" class=\"wp-image-2227\"\/><\/figure>\n","protected":false},"excerpt":{"rendered":"<p>Bereits am dritten Tag der Sommerferien sind alle neuen, mobilen Klassenr\u00e4ume an ihrem Platz! Nun bleibt ausreichend Zeit f\u00fcr den Innenausbau und die Au\u00dfenanlagen, damit wir p\u00fcnktlich zu Schulbeginn starten k\u00f6nnen&#8230; Wir freuen uns!<\/p>\n","protected":false},"author":4,"featured_media":2227,"comment_status":"open","ping_status":"open","sticky":false,"template":"","format":"standard","meta":{"_et_pb_use_builder":"off","_et_pb_old_content":"","_et_gb_content_width":"","footnotes":""},"categories":[4],"tags":[],"class_list":["post-2226","post","type-post","status-publish","format-standard","has-post-thumbnail","hentry","category-bautagebuch"],"_links":{"self":[{"href":"https:\/\/www.schule-kell.de\/index.php?rest_route=\/wp\/v2\/posts\/2226","targetHints":{"allow":["GET"]}}],"collection":[{"href":"https:\/\/www.schule-kell.de\/index.php?rest_route=\/wp\/v2\/posts"}],"about":[{"href":"https:\/\/www.schule-kell.de\/index.php?rest_route=\/wp\/v2\/types\/post"}],"author":[{"embeddable":true,"href":"https:\/\/www.schule-kell.de\/index.php?rest_route=\/wp\/v2\/users\/4"}],"replies":[{"embeddable":true,"href":"https:\/\/www.schule-kell.de\/index.php?rest_route=%2Fwp%2Fv2%2Fcomments&post=2226"}],"version-history":[{"count":1,"href":"https:\/\/www.schule-kell.de\/index.php?rest_route=\/wp\/v2\/posts\/2226\/revisions"}],"predecessor-version":[{"id":2228,"href":"https:\/\/www.schule-kell.de\/index.php?rest_route=\/wp\/v2\/posts\/2226\/revisions\/2228"}],"wp:featuredmedia":[{"embeddable":true,"href":"https:\/\/www.schule-kell.de\/index.php?rest_route=\/wp\/v2\/media\/2227"}],"wp:attachment":[{"href":"https:\/\/www.schule-kell.de\/index.php?rest_route=%2Fwp%2Fv2%2Fmedia&parent=2226"}],"wp:term":[{"taxonomy":"category","embeddable":true,"href":"https:\/\/www.schule-kell.de\/index.php?rest_route=%2Fwp%2Fv2%2Fcategories&post=2226"},{"taxonomy":"post_tag","embeddable":true,"href":"https:\/\/www.schule-kell.de\/index.php?rest_route=%2Fwp%2Fv2%2Ftags&post=2226"}],"curies":[{"name":"wp","href":"https:\/\/api.w.org\/{rel}","templated":true}]}}