{"id":2203,"date":"2024-07-12T07:31:54","date_gmt":"2024-07-12T07:31:54","guid":{"rendered":"https:\/\/www.schule-kell.de\/?p=2203"},"modified":"2024-07-12T07:31:57","modified_gmt":"2024-07-12T07:31:57","slug":"mehr-platz-fuer-unsere-schuelerinnen","status":"publish","type":"post","link":"https:\/\/www.schule-kell.de\/?p=2203","title":{"rendered":"Mehr Platz f\u00fcr unsere Sch\u00fcler*innen"},"content":{"rendered":"\n<p>P\u00fcnktlich zu Ferienbeginn rollt es wieder auf der Baustelle. Vier neue Klassenr\u00e4ume und ein Arbeitsraum f\u00fcr Lehrkr\u00e4fte bieten Platz, sodass das erste Bestandsgeb\u00e4ude r\u00fcckgebaut werden kann. Der erste Bauabschnitt des Neubaus hat somit freie Fahrt. Wir freuen uns!<\/p>\n\n\n\n<figure class=\"wp-block-image aligncenter size-large\"><img loading=\"lazy\" decoding=\"async\" width=\"1024\" height=\"768\" src=\"https:\/\/www.schule-kell.de\/wp-content\/uploads\/2024\/07\/1720769243376-1024x768.jpg\" alt=\"\" class=\"wp-image-2204\" srcset=\"https:\/\/www.schule-kell.de\/wp-content\/uploads\/2024\/07\/1720769243376-980x735.jpg 980w, https:\/\/www.schule-kell.de\/wp-content\/uploads\/2024\/07\/1720769243376-480x360.jpg 480w\" sizes=\"auto, (min-width: 0px) and (max-width: 480px) 480px, (min-width: 481px) and (max-width: 980px) 980px, (min-width: 981px) 1024px, 100vw\" \/><\/figure>\n","protected":false},"excerpt":{"rendered":"<p>P\u00fcnktlich zu Ferienbeginn rollt es wieder auf der Baustelle. Vier neue Klassenr\u00e4ume und ein Arbeitsraum f\u00fcr Lehrkr\u00e4fte bieten Platz, sodass das erste Bestandsgeb\u00e4ude r\u00fcckgebaut werden kann. Der erste Bauabschnitt des Neubaus hat somit freie Fahrt. Wir freuen uns!<\/p>\n","protected":false},"author":4,"featured_media":2204,"comment_status":"open","ping_status":"open","sticky":false,"template":"","format":"standard","meta":{"_et_pb_use_builder":"off","_et_pb_old_content":"","_et_gb_content_width":"","footnotes":""},"categories":[4],"tags":[],"class_list":["post-2203","post","type-post","status-publish","format-standard","has-post-thumbnail","hentry","category-bautagebuch"],"_links":{"self":[{"href":"https:\/\/www.schule-kell.de\/index.php?rest_route=\/wp\/v2\/posts\/2203","targetHints":{"allow":["GET"]}}],"collection":[{"href":"https:\/\/www.schule-kell.de\/index.php?rest_route=\/wp\/v2\/posts"}],"about":[{"href":"https:\/\/www.schule-kell.de\/index.php?rest_route=\/wp\/v2\/types\/post"}],"author":[{"embeddable":true,"href":"https:\/\/www.schule-kell.de\/index.php?rest_route=\/wp\/v2\/users\/4"}],"replies":[{"embeddable":true,"href":"https:\/\/www.schule-kell.de\/index.php?rest_route=%2Fwp%2Fv2%2Fcomments&post=2203"}],"version-history":[{"count":1,"href":"https:\/\/www.schule-kell.de\/index.php?rest_route=\/wp\/v2\/posts\/2203\/revisions"}],"predecessor-version":[{"id":2205,"href":"https:\/\/www.schule-kell.de\/index.php?rest_route=\/wp\/v2\/posts\/2203\/revisions\/2205"}],"wp:featuredmedia":[{"embeddable":true,"href":"https:\/\/www.schule-kell.de\/index.php?rest_route=\/wp\/v2\/media\/2204"}],"wp:attachment":[{"href":"https:\/\/www.schule-kell.de\/index.php?rest_route=%2Fwp%2Fv2%2Fmedia&parent=2203"}],"wp:term":[{"taxonomy":"category","embeddable":true,"href":"https:\/\/www.schule-kell.de\/index.php?rest_route=%2Fwp%2Fv2%2Fcategories&post=2203"},{"taxonomy":"post_tag","embeddable":true,"href":"https:\/\/www.schule-kell.de\/index.php?rest_route=%2Fwp%2Fv2%2Ftags&post=2203"}],"curies":[{"name":"wp","href":"https:\/\/api.w.org\/{rel}","templated":true}]}}