{"id":2039,"date":"2026-03-12T07:23:59","date_gmt":"2026-03-12T07:23:59","guid":{"rendered":"https:\/\/www.schule-kell.de\/?p=2039"},"modified":"2026-03-12T07:24:00","modified_gmt":"2026-03-12T07:24:00","slug":"sichern-sie-sich-ab-sofort-ihren-anmeldetermin-fuer-die-klasse-5","status":"publish","type":"post","link":"https:\/\/www.schule-kell.de\/?p=2039","title":{"rendered":"Anmeldungen f\u00fcr die Klassenstufe 5"},"content":{"rendered":"\n<p class=\"has-text-align-center has-medium-font-size\">Die Anmeldephase f\u00fcr die Klassenstufe 5 ist offiziell abgeschlossen. Sollten Sie (z.B. durch Zuzug in die Region) noch eine Anmeldung w\u00fcnschen, kontaktieren Sie uns gerne direkt \u00fcber das Sekretariat der Schule.<\/p>\n\n\n\n<p>&#8212;&#8212;&#8212;&#8212;&#8212;&#8212;&#8212;&#8212;&#8212;&#8212;&#8212;&#8212;&#8212;&#8212;&#8212;&#8212;&#8212;&#8212;&#8212;&#8212;&#8212;&#8212;&#8212;&#8212;&#8212;&#8212;&#8212;&#8212;&#8212;&#8212;&#8212;&#8212;&#8212;&#8212;&#8212;-<\/p>\n\n\n\n<p class=\"has-text-align-left has-medium-font-size\">Formulare:<\/p>\n\n\n\n<p><strong>Downloads:<\/strong><\/p>\n\n\n\n<p><a href=\"https:\/\/www.schule-kell.de\/wp-content\/uploads\/2025\/12\/Anmeldebogen.pdf\" target=\"_blank\" rel=\"noreferrer noopener\"><strong>Anmeldeformular<\/strong><\/a><\/p>\n\n\n\n<p><a href=\"https:\/\/www.schule-kell.de\/wp-content\/uploads\/2025\/12\/Anlage-1_Informationen-zum-Datenschutz.pdf\" target=\"_blank\" rel=\"noreferrer noopener\"><strong>Datenschutzerkl\u00e4rung<\/strong><\/a><\/p>\n\n\n\n<p><a href=\"https:\/\/www.schule-kell.de\/wp-content\/uploads\/2025\/12\/Anlage-2_Notfalldatenblatt.pdf\" target=\"_blank\" rel=\"noreferrer noopener\"><strong>Notfalldatenblatt<\/strong><\/a><\/p>\n\n\n\n<p><strong>Bei Bedarf:<\/strong><\/p>\n\n\n\n<p><a href=\"https:\/\/www.schule-kell.de\/wp-content\/uploads\/2025\/12\/Antrag-GTS.pdf\" target=\"_blank\" rel=\"noreferrer noopener\"><strong>Antrag Ganztagsschule<\/strong><\/a><\/p>\n\n\n\n<p><strong><a href=\"https:\/\/www.schule-kell.de\/wp-content\/uploads\/2025\/12\/Einzugsermaechtigung-Mittagessen-Ganztagsschule.pdf\" data-type=\"link\" data-id=\"https:\/\/www.schule-kell.de\/wp-content\/uploads\/2024\/12\/Einzugsermaechtigung-Mittagessen-Ganztagsschule.pdf\" target=\"_blank\" rel=\"noreferrer noopener\">Einzugserm\u00e4chtigung Mittagessen<\/a><\/strong><\/p>\n\n\n\n<p>Zudem ben\u00f6tigen wir an dem von Ihnen gebuchten Termin die <strong>Anmeldeformulare der Grundschulen<\/strong> (Ausgabe erfolgt mit den Halbjahreszeugnissen), eine <strong>Kopie der Geburtsurkunde<\/strong> sowie einen <strong>Nachweis \u00fcber den Masenschutz<\/strong>..<\/p>\n","protected":false},"excerpt":{"rendered":"<p>Die Anmeldephase f\u00fcr die Klassenstufe 5 ist offiziell abgeschlossen. Sollten Sie (z.B. durch Zuzug in die Region) noch eine Anmeldung w\u00fcnschen, kontaktieren Sie uns gerne direkt \u00fcber das Sekretariat der Schule. &#8212;&#8212;&#8212;&#8212;&#8212;&#8212;&#8212;&#8212;&#8212;&#8212;&#8212;&#8212;&#8212;&#8212;&#8212;&#8212;&#8212;&#8212;&#8212;&#8212;&#8212;&#8212;&#8212;&#8212;&#8212;&#8212;&#8212;&#8212;&#8212;&#8212;&#8212;&#8212;&#8212;&#8212;&#8212;- Formulare: Downloads: Anmeldeformular Datenschutzerkl\u00e4rung Notfalldatenblatt Bei Bedarf: Antrag Ganztagsschule Einzugserm\u00e4chtigung Mittagessen Zudem ben\u00f6tigen wir an dem von Ihnen gebuchten Termin die Anmeldeformulare der [&hellip;]<\/p>\n","protected":false},"author":4,"featured_media":646,"comment_status":"open","ping_status":"open","sticky":false,"template":"","format":"standard","meta":{"_et_pb_use_builder":"off","_et_pb_old_content":"","_et_gb_content_width":"","footnotes":""},"categories":[3],"tags":[],"class_list":["post-2039","post","type-post","status-publish","format-standard","has-post-thumbnail","hentry","category-aktuelles"],"_links":{"self":[{"href":"https:\/\/www.schule-kell.de\/index.php?rest_route=\/wp\/v2\/posts\/2039","targetHints":{"allow":["GET"]}}],"collection":[{"href":"https:\/\/www.schule-kell.de\/index.php?rest_route=\/wp\/v2\/posts"}],"about":[{"href":"https:\/\/www.schule-kell.de\/index.php?rest_route=\/wp\/v2\/types\/post"}],"author":[{"embeddable":true,"href":"https:\/\/www.schule-kell.de\/index.php?rest_route=\/wp\/v2\/users\/4"}],"replies":[{"embeddable":true,"href":"https:\/\/www.schule-kell.de\/index.php?rest_route=%2Fwp%2Fv2%2Fcomments&post=2039"}],"version-history":[{"count":10,"href":"https:\/\/www.schule-kell.de\/index.php?rest_route=\/wp\/v2\/posts\/2039\/revisions"}],"predecessor-version":[{"id":2644,"href":"https:\/\/www.schule-kell.de\/index.php?rest_route=\/wp\/v2\/posts\/2039\/revisions\/2644"}],"wp:featuredmedia":[{"embeddable":true,"href":"https:\/\/www.schule-kell.de\/index.php?rest_route=\/wp\/v2\/media\/646"}],"wp:attachment":[{"href":"https:\/\/www.schule-kell.de\/index.php?rest_route=%2Fwp%2Fv2%2Fmedia&parent=2039"}],"wp:term":[{"taxonomy":"category","embeddable":true,"href":"https:\/\/www.schule-kell.de\/index.php?rest_route=%2Fwp%2Fv2%2Fcategories&post=2039"},{"taxonomy":"post_tag","embeddable":true,"href":"https:\/\/www.schule-kell.de\/index.php?rest_route=%2Fwp%2Fv2%2Ftags&post=2039"}],"curies":[{"name":"wp","href":"https:\/\/api.w.org\/{rel}","templated":true}]}}