{"id":1684,"date":"2023-01-03T10:14:31","date_gmt":"2023-01-03T10:14:31","guid":{"rendered":"https:\/\/www.schule-kell.de\/?p=1684"},"modified":"2023-01-24T10:25:51","modified_gmt":"2023-01-24T10:25:51","slug":"winterliche-highlights-fuer-die-orientierungsstufe","status":"publish","type":"post","link":"https:\/\/www.schule-kell.de\/?p=1684","title":{"rendered":"Winterliche Highlights f\u00fcr die Orientierungsstufe"},"content":{"rendered":"\n<p>Was f\u00fcr eine sch\u00f6ne \u00dcberraschung am Nikolaustag f\u00fcr unsere Sch\u00fcler*innen der Orientierungsstufe. Am Vormittag \u00fcberraschte das \u201eTeam-Nachhaltigkeit\u201c der Realschule plus Kell am See die F\u00fcnft- und Sechstkl\u00e4ssler*innen mit einem kleinen Pr\u00e4sent in Form von Fair-Trade -Nikol\u00e4usen. Die verschenkten Schoko-Nikol\u00e4use sind aus 100% fair gehandeltem und biozertifiziertem Kakao hergestellt. Das hei\u00dft, keine Kinderarbeit beim Anbau und der Ernte des Kakaos, faire Erzeugerpreise f\u00fcr die Kakaobauern und kein Einsatz von Pestiziden. Also eine gute Sache f\u00fcr Erzeuger, Verbraucher und die Umwelt. \u201eEs hat uns sehr viel Spa\u00df gemacht, die Nikol\u00e4use zu verteilen. Und wir hoffen, dass es den \u00bbKleinen\u00ab auch gefallen hat und sie diese Leckerei genossen haben.<\/p>\n\n\n\n<p>Bevor es dann Ende Dezember in die wohlverdienten Weihnachtsferien ging, freuten sich die Sch\u00fcler*innen der Ganztagsschule \u00fcber ihre Weihnachtsfeier. Nachdem sich alle mit leckeren W\u00fcrstchen und Nudelsalat gest\u00e4rkt hatten, durchliefen sie ein abwechslungsreiches Nachmittagsprogramm in Form einer winterlichen Rallye. In Kleingruppen besuchten die GTS-Sch\u00fcler*innen mehrere Stationen, in denen sie ihre Kreativit\u00e4t und ihr Geschick unter Beweis stellen konnten. Kreativ wurden sie bei der Herstellung von Bruchschokolade, der Gestaltung von Windlichtern, Weihnachtskarten und Christbaumschmuck aus Holz. Die sportliche Aktivit\u00e4t am Nachmittag durfte nat\u00fcrlich nicht fehlen und so stellten die Sch\u00fcler*innen ihr Geschick in der Winterolympiade unter Beweis.<\/p>\n\n\n\n<p>Mit strahlenden Augen und tollen Bastelergebnissen endete das winterliche Highlight f\u00fcr unsere Sch\u00fcler*innen, die die Ganztagsschule besuchen.<\/p>\n\n\n\n<div class=\"wp-block-columns is-layout-flex wp-container-core-columns-is-layout-9d6595d7 wp-block-columns-is-layout-flex\">\n<div class=\"wp-block-column is-layout-flow wp-block-column-is-layout-flow\">\n<figure class=\"wp-block-image size-large\"><img loading=\"lazy\" decoding=\"async\" width=\"768\" height=\"1024\" src=\"https:\/\/www.schule-kell.de\/wp-content\/uploads\/2023\/01\/Bruchschokolade-768x1024.jpg\" alt=\"\" class=\"wp-image-1685\"\/><\/figure>\n<\/div>\n\n\n\n<div class=\"wp-block-column is-layout-flow wp-block-column-is-layout-flow\">\n<figure class=\"wp-block-image size-large\"><img loading=\"lazy\" decoding=\"async\" width=\"768\" height=\"1024\" src=\"https:\/\/www.schule-kell.de\/wp-content\/uploads\/2023\/01\/Weihnachtskarte-768x1024.jpg\" alt=\"\" class=\"wp-image-1686\"\/><\/figure>\n<\/div>\n\n\n\n<div class=\"wp-block-column is-layout-flow wp-block-column-is-layout-flow\">\n<figure class=\"wp-block-image size-large\"><img loading=\"lazy\" decoding=\"async\" width=\"768\" height=\"1024\" src=\"https:\/\/www.schule-kell.de\/wp-content\/uploads\/2023\/01\/Windlicht-768x1024.jpg\" alt=\"\" class=\"wp-image-1687\"\/><\/figure>\n<\/div>\n<\/div>\n\n\n\n<div class=\"wp-block-columns is-layout-flex wp-container-core-columns-is-layout-9d6595d7 wp-block-columns-is-layout-flex\">\n<div class=\"wp-block-column is-layout-flow wp-block-column-is-layout-flow\">\n<figure class=\"wp-block-image size-large\"><img loading=\"lazy\" decoding=\"async\" width=\"768\" height=\"1024\" src=\"https:\/\/www.schule-kell.de\/wp-content\/uploads\/2023\/01\/Windlicht-2-768x1024.jpg\" alt=\"\" class=\"wp-image-1688\"\/><\/figure>\n<\/div>\n\n\n\n<div class=\"wp-block-column is-layout-flow wp-block-column-is-layout-flow\">\n<figure class=\"wp-block-image size-large\"><img loading=\"lazy\" decoding=\"async\" width=\"768\" height=\"1024\" src=\"https:\/\/www.schule-kell.de\/wp-content\/uploads\/2023\/01\/Anhaenger-768x1024.jpg\" alt=\"\" class=\"wp-image-1689\"\/><\/figure>\n<\/div>\n<\/div>\n","protected":false},"excerpt":{"rendered":"<p>Was f\u00fcr eine sch\u00f6ne \u00dcberraschung am Nikolaustag f\u00fcr unsere Sch\u00fcler*innen der Orientierungsstufe. Am Vormittag \u00fcberraschte das \u201eTeam-Nachhaltigkeit\u201c der Realschule plus Kell am See die F\u00fcnft- und Sechstkl\u00e4ssler*innen mit einem kleinen Pr\u00e4sent in Form von Fair-Trade -Nikol\u00e4usen. Die verschenkten Schoko-Nikol\u00e4use sind aus 100% fair gehandeltem und biozertifiziertem Kakao hergestellt. Das hei\u00dft, keine Kinderarbeit beim Anbau und [&hellip;]<\/p>\n","protected":false},"author":3,"featured_media":1685,"comment_status":"open","ping_status":"open","sticky":false,"template":"","format":"standard","meta":{"_et_pb_use_builder":"off","_et_pb_old_content":"","_et_gb_content_width":"","footnotes":""},"categories":[3],"tags":[],"class_list":["post-1684","post","type-post","status-publish","format-standard","has-post-thumbnail","hentry","category-aktuelles"],"_links":{"self":[{"href":"https:\/\/www.schule-kell.de\/index.php?rest_route=\/wp\/v2\/posts\/1684","targetHints":{"allow":["GET"]}}],"collection":[{"href":"https:\/\/www.schule-kell.de\/index.php?rest_route=\/wp\/v2\/posts"}],"about":[{"href":"https:\/\/www.schule-kell.de\/index.php?rest_route=\/wp\/v2\/types\/post"}],"author":[{"embeddable":true,"href":"https:\/\/www.schule-kell.de\/index.php?rest_route=\/wp\/v2\/users\/3"}],"replies":[{"embeddable":true,"href":"https:\/\/www.schule-kell.de\/index.php?rest_route=%2Fwp%2Fv2%2Fcomments&post=1684"}],"version-history":[{"count":1,"href":"https:\/\/www.schule-kell.de\/index.php?rest_route=\/wp\/v2\/posts\/1684\/revisions"}],"predecessor-version":[{"id":1690,"href":"https:\/\/www.schule-kell.de\/index.php?rest_route=\/wp\/v2\/posts\/1684\/revisions\/1690"}],"wp:featuredmedia":[{"embeddable":true,"href":"https:\/\/www.schule-kell.de\/index.php?rest_route=\/wp\/v2\/media\/1685"}],"wp:attachment":[{"href":"https:\/\/www.schule-kell.de\/index.php?rest_route=%2Fwp%2Fv2%2Fmedia&parent=1684"}],"wp:term":[{"taxonomy":"category","embeddable":true,"href":"https:\/\/www.schule-kell.de\/index.php?rest_route=%2Fwp%2Fv2%2Fcategories&post=1684"},{"taxonomy":"post_tag","embeddable":true,"href":"https:\/\/www.schule-kell.de\/index.php?rest_route=%2Fwp%2Fv2%2Ftags&post=1684"}],"curies":[{"name":"wp","href":"https:\/\/api.w.org\/{rel}","templated":true}]}}