{"id":1563,"date":"2022-11-17T10:14:41","date_gmt":"2022-11-17T10:14:41","guid":{"rendered":"https:\/\/www.schule-kell.de\/?p=1563"},"modified":"2022-11-17T10:19:01","modified_gmt":"2022-11-17T10:19:01","slug":"staatssekretaerin-bettin-brueck-zu-besuch","status":"publish","type":"post","link":"https:\/\/www.schule-kell.de\/?p=1563","title":{"rendered":"Staatssekret\u00e4rin Bettina Br\u00fcck zu Besuch"},"content":{"rendered":"\n<p>\u201eGlobal denken \u2013 lokal handeln\u201c. Diese Aussage pr\u00e4gte den Schulbesuch von Frau Staatssekret\u00e4rin Bettina Br\u00fcck an unserer Schule und sie hob hervor, dass wir hier in mehreren Bereichen punkten k\u00f6nnen. Ihre Schule &#8222;lebt von einer starken Berufsorientierung und hat gleichzeitig einen Schwerpunkt auf Nachhaltigkeit, der sogenannten Bildung f\u00fcr Nachhaltige Entwicklung. Das ist ein ganz wichtiger Zukunftsbereich, f\u00fcr den wir gut ausgebildete junge Frauen und M\u00e4nner brauchen\u201c, so Frau Br\u00fcck.<\/p>\n\n\n\n<p>In seiner Begr\u00fc\u00dfung erl\u00e4uterte Herr Stra\u00dfer (Schulleiter) die Bedeutung und Wichtigkeit des schulischen Leitbilds <em>gemeinschaftlich \u2013 praxisorientiert \u2013 nachhaltig <\/em>und dem Schwerpunkt der Nachhaltigkeitsbildung. Eben diese erm\u00f6gliche es den Sch\u00fcler*innen, Nachhaltigkeit in der Natur und vor Ort, am Menschen und in der eigenen Lebensplanung zu erlernen und zu leben. \u201eUnsere konzeptionelle Aufstellung in der Pr\u00e4ventionsarbeit sowie in der Berufs- und Studienorientierung erm\u00f6glicht es uns als Schulgemeinschaft, \u00fcber alle Klassenstufen und Bildungsg\u00e4nge hinweg, unsere Sch\u00fcler*innen bestm\u00f6glich auf ihren Lebensweg vorzubereiten\u201c, so Herr Stra\u00dfer.<\/p>\n\n\n\n<p>Neben der engen Zusammenarbeit mit dem Naturpark Saar-Hunsr\u00fcck und den Berater*innen des BNE-Bereichs des P\u00e4dagogischen Landesinstitutes, sei die intensive und vertrauensvolle Kooperation mit au\u00dferschulischen Lernpartner*innen aus dem Bereich Wirtschaft eine wichtige St\u00fctze in der Berufs- und Studienorientierung. \u201eDie intensive und f\u00fcr unsere Sch\u00fcler*innen gewinnbringende Zusammenarbeit mit unserer \u00dcbergangscoachin, unserer Berufsberaterin, den lokalen und regionalen Partner*innen aus der Industrie und Wirtschaft als auch der Kreishandwerkerschaft Trier-Saarburg bilden eine tragende S\u00e4ule in unserem Konzept der Berufs- und Studienorientierung\u201c, bekr\u00e4ftigte Herr Krier (stv. Schulleiter). Inwiefern die Digitalisierung in die Berufsorientierung und den Wahlpflichtfachbereich eingebunden ist, erl\u00e4uterte Herr Weyrich (Didaktischer Koordinator) Frau Br\u00fcck an einem realen Beispiel. Die zu Beginn des Besuchs von ihr geleistete digitale Unterschirft auf dem iPad, wurde auf einen der beiden neuen 3D-Drucker \u00fcbertragen, sodass sie am Ende des Schulbesuchs ihren pers\u00f6nlichen und personalisierten Schl\u00fcsselanh\u00e4nger in ihren H\u00e4nden hielt.<\/p>\n\n\n\n<p>Wie wir als Schulgemeinschaft Nachhaltigkeit leben, zeigte u.a. das Team-Nachhaltigkeit w\u00e4hrend des Schulrundgangs. So bef\u00fcllten Charlotte und Rasmus gemeinsam mit Herrn G\u00f6hler (BNE-Koordinator) und Frau Br\u00fcck die Vogelfutterstation auf der Schulwiese und erl\u00e4uterten allen anwesenden G\u00e4sten, welche Themen sie in ihren Treffen des Team-Nachhaltigkeit behandeln. Das in diesem Rahmen entstandene Projekt zu Fast Fashion, das in Form eines Infostandes im Schulgeb\u00e4ude aufgebaut und f\u00fcr alle jederzeit zug\u00e4nglich ist, pr\u00e4sentierten Charlotte und Rasmus gemeinsam mit ihren Team-Mitgliedern Svenja und Paul sehr \u00fcberzeugend.<\/p>\n\n\n\n<p>Dass die Nachhaltigkeit auch im Neubau der Schule und der aktuellen Interimsl\u00f6sung des Fachklassentrakts Einzug finden wird, erhofft sich Herr Stra\u00dfer und \u00e4u\u00dferte dies in der gemeinsamen Baubegehung mit Herrn Rauland (Gesch\u00e4ftsbereichsleiter I, Geb\u00e4udemanagement KV Trier-Saarburg), Frau Br\u00fcck und allen Anwesenden.<\/p>\n\n\n\n<p>\u201eIch bin sehr beeindruckt von euch und eurer gesamten Schulgemeinschaft. Ihr macht eure Schule stark und sorgt daf\u00fcr, dass sie mit Leben gef\u00fcllt wird. Daf\u00fcr danke ich euch und Ihnen allen heute sehr herzlich\u201c, erkl\u00e4rte Frau Br\u00fcck abschlie\u00dfend.<\/p>\n\n\n\n<figure class=\"wp-block-gallery has-nested-images columns-2 is-cropped wp-block-gallery-1 is-layout-flex wp-block-gallery-is-layout-flex\">\n<figure class=\"wp-block-image size-large\"><img loading=\"lazy\" decoding=\"async\" width=\"870\" height=\"1024\" data-id=\"1566\" src=\"https:\/\/www.schule-kell.de\/wp-content\/uploads\/2022\/11\/U-Schrift-Tablet-870x1024.jpg\" alt=\"\" class=\"wp-image-1566\"\/><figcaption class=\"wp-element-caption\">Aus der digitalen Unterschrift &#8230; <\/figcaption><\/figure>\n\n\n\n<figure class=\"wp-block-image size-large\"><img loading=\"lazy\" decoding=\"async\" width=\"768\" height=\"1024\" data-id=\"1567\" src=\"https:\/\/www.schule-kell.de\/wp-content\/uploads\/2022\/11\/3D-Druck-768x1024.jpg\" alt=\"\" class=\"wp-image-1567\"\/><figcaption class=\"wp-element-caption\">&#8230; entsteht ein personalisierter Schl\u00fcsselanh\u00e4nger.<\/figcaption><\/figure>\n\n\n\n<figure class=\"wp-block-image size-large\"><img loading=\"lazy\" decoding=\"async\" width=\"768\" height=\"1024\" data-id=\"1568\" src=\"https:\/\/www.schule-kell.de\/wp-content\/uploads\/2022\/11\/Vogelfutter-2-768x1024.jpg\" alt=\"\" class=\"wp-image-1568\"\/><figcaption class=\"wp-element-caption\">Team-Nachhaltigkeit mit Frau Br\u00fcck in Aktion<\/figcaption><\/figure>\n\n\n\n<figure class=\"wp-block-image size-large\"><img loading=\"lazy\" decoding=\"async\" width=\"768\" height=\"1024\" data-id=\"1569\" src=\"https:\/\/www.schule-kell.de\/wp-content\/uploads\/2022\/11\/STS-Brueck-Robin-768x1024.jpg\" alt=\"\" class=\"wp-image-1569\"\/><figcaption class=\"wp-element-caption\">Frau Br\u00fcck im Austausch mit der Sch\u00fclerschaft<\/figcaption><\/figure>\n\n\n\n<figure class=\"wp-block-image size-large\"><img loading=\"lazy\" decoding=\"async\" width=\"971\" height=\"1024\" data-id=\"1570\" src=\"https:\/\/www.schule-kell.de\/wp-content\/uploads\/2022\/11\/G.-Berg-971x1024.jpg\" alt=\"\" class=\"wp-image-1570\"\/><figcaption class=\"wp-element-caption\">BNE-Regionalkoordinatorin G. Berg<\/figcaption><\/figure>\n\n\n\n<figure class=\"wp-block-image size-large\"><img loading=\"lazy\" decoding=\"async\" width=\"1024\" height=\"744\" data-id=\"1571\" src=\"https:\/\/www.schule-kell.de\/wp-content\/uploads\/2022\/11\/STS-Brueck-Rauland-1024x744.jpg\" alt=\"\" class=\"wp-image-1571\" srcset=\"https:\/\/www.schule-kell.de\/wp-content\/uploads\/2022\/11\/STS-Brueck-Rauland-980x712.jpg 980w, https:\/\/www.schule-kell.de\/wp-content\/uploads\/2022\/11\/STS-Brueck-Rauland-480x349.jpg 480w\" sizes=\"auto, (min-width: 0px) and (max-width: 480px) 480px, (min-width: 481px) and (max-width: 980px) 980px, (min-width: 981px) 1024px, 100vw\" \/><figcaption class=\"wp-element-caption\">Baubegehung mit Frau Br\u00fcck und Herrn Rauland<\/figcaption><\/figure>\n\n\n\n<figure class=\"wp-block-image size-large\"><img loading=\"lazy\" decoding=\"async\" width=\"797\" height=\"1024\" data-id=\"1572\" src=\"https:\/\/www.schule-kell.de\/wp-content\/uploads\/2022\/11\/Gastgeschenk-an-SV-797x1024.jpg\" alt=\"\" class=\"wp-image-1572\"\/><figcaption class=\"wp-element-caption\">Gastgeschenk von Frau Br\u00fcck an die Schulgemeinschaft<\/figcaption><\/figure>\n\n\n\n<figure class=\"wp-block-image size-large\"><img loading=\"lazy\" decoding=\"async\" width=\"766\" height=\"1024\" data-id=\"1573\" src=\"https:\/\/www.schule-kell.de\/wp-content\/uploads\/2022\/11\/Gastgeschenk-766x1024.jpg\" alt=\"\" class=\"wp-image-1573\"\/><figcaption class=\"wp-element-caption\">Ein selbstgebautes Vogelhaus als Gastgeschenk seitens unserer Schule<\/figcaption><\/figure>\n<\/figure>\n","protected":false},"excerpt":{"rendered":"<p>\u201eGlobal denken \u2013 lokal handeln\u201c. Diese Aussage pr\u00e4gte den Schulbesuch von Frau Staatssekret\u00e4rin Bettina Br\u00fcck an unserer Schule und sie hob hervor, dass wir hier in mehreren Bereichen punkten k\u00f6nnen. Ihre Schule &#8222;lebt von einer starken Berufsorientierung und hat gleichzeitig einen Schwerpunkt auf Nachhaltigkeit, der sogenannten Bildung f\u00fcr Nachhaltige Entwicklung. Das ist ein ganz wichtiger [&hellip;]<\/p>\n","protected":false},"author":3,"featured_media":1578,"comment_status":"open","ping_status":"open","sticky":false,"template":"","format":"standard","meta":{"_et_pb_use_builder":"off","_et_pb_old_content":"","_et_gb_content_width":"","footnotes":""},"categories":[3],"tags":[],"class_list":["post-1563","post","type-post","status-publish","format-standard","has-post-thumbnail","hentry","category-aktuelles"],"_links":{"self":[{"href":"https:\/\/www.schule-kell.de\/index.php?rest_route=\/wp\/v2\/posts\/1563","targetHints":{"allow":["GET"]}}],"collection":[{"href":"https:\/\/www.schule-kell.de\/index.php?rest_route=\/wp\/v2\/posts"}],"about":[{"href":"https:\/\/www.schule-kell.de\/index.php?rest_route=\/wp\/v2\/types\/post"}],"author":[{"embeddable":true,"href":"https:\/\/www.schule-kell.de\/index.php?rest_route=\/wp\/v2\/users\/3"}],"replies":[{"embeddable":true,"href":"https:\/\/www.schule-kell.de\/index.php?rest_route=%2Fwp%2Fv2%2Fcomments&post=1563"}],"version-history":[{"count":5,"href":"https:\/\/www.schule-kell.de\/index.php?rest_route=\/wp\/v2\/posts\/1563\/revisions"}],"predecessor-version":[{"id":1577,"href":"https:\/\/www.schule-kell.de\/index.php?rest_route=\/wp\/v2\/posts\/1563\/revisions\/1577"}],"wp:featuredmedia":[{"embeddable":true,"href":"https:\/\/www.schule-kell.de\/index.php?rest_route=\/wp\/v2\/media\/1578"}],"wp:attachment":[{"href":"https:\/\/www.schule-kell.de\/index.php?rest_route=%2Fwp%2Fv2%2Fmedia&parent=1563"}],"wp:term":[{"taxonomy":"category","embeddable":true,"href":"https:\/\/www.schule-kell.de\/index.php?rest_route=%2Fwp%2Fv2%2Fcategories&post=1563"},{"taxonomy":"post_tag","embeddable":true,"href":"https:\/\/www.schule-kell.de\/index.php?rest_route=%2Fwp%2Fv2%2Ftags&post=1563"}],"curies":[{"name":"wp","href":"https:\/\/api.w.org\/{rel}","templated":true}]}}