{"id":1557,"date":"2022-11-13T12:35:44","date_gmt":"2022-11-13T12:35:44","guid":{"rendered":"https:\/\/www.schule-kell.de\/?p=1557"},"modified":"2022-11-14T12:36:15","modified_gmt":"2022-11-14T12:36:15","slug":"bne-und-fast-fashion","status":"publish","type":"post","link":"https:\/\/www.schule-kell.de\/?p=1557","title":{"rendered":"BNE und Fast Fashion"},"content":{"rendered":"\n<p>Das Team-Nachhaltigkeit hat sich gemeinsam mit Herrn G\u00f6hler (BNE-Koordinator) die Kleidungsindustrie und die Entwicklungen, die Auswirkungen und M\u00f6glichkeiten im Umgang damit, n\u00e4her angeschaut und kritisch hinterfragt. Die Sch\u00fcler*innen haben sich hierzu mit folgenden Hintergr\u00fcnden auseinandergesetzt:<\/p>\n\n\n\n<p>Seit Jahren pr\u00e4gen Fast und Ultrafast Fashion unseren Konsum. Gemeint ist Kleidung, die so billig ist, dass sie nur wenige Male getragen wird, bevor sie in den Tiefen des Kleiderschrankes oder im Altkleidercontainer landet. Den wahren Preis zahlen andere: Noch immer werden Menschen in der Textilindustrie systematisch ausgebeutet, vom Baumwollfeld bis in die Spinnereien, F\u00e4rbereien und N\u00e4hfabriken. <a href=\"https:\/\/www.fairtrade-kampagnen.de\/startseite\/aktionen\/das-jahr-mit-fairtrade\/fashion-revolution\/\">https:\/\/www.fairtrade-kampagnen.de\/startseite\/aktionen\/das-jahr-mit-fairtrade\/fashion-revolution\/<\/a><\/p>\n\n\n\n<p>So kommen bei einem T-Shirt im Wert von 29\u20ac nur ca.0,18\u20ac bei den Lohnarbeitern in Fernost an. Auch die geltenden Arbeitsschutzstandards werden h\u00e4ufig unterlaufen. (vgl. https:\/\/www.fair-fashion.ch)<\/p>\n\n\n\n<p>Neben den Menschen (auch Kinder) die f\u00fcr unseren Lebensstil in S\u00fcdostasien konsequent ausgebeutet werden, hat dieses System der Textilherstellung auch verheerende Folgen f\u00fcr das Klima und die Umwelt. Hohe CO<sub>2<\/sub>-Emissionen durch weite Transportwege in den Lieferketten (teilweise bis zu 50.000 km), hoher Wasserverbrauch und Pestizideinsatz beim Baumwollanbau und der Einsatz von Chemikalien in der Textilherstellung sind hierbei die gr\u00f6\u00dften Probleme. (vgl. <a href=\"https:\/\/sinplastic.com\/fast-fashion-umwelt-auswirkungen\/#3_hoher_co2-ausstoss\">https:\/\/sinplastic.com\/fast-fashion-umwelt-auswirkungen\/#3_hoher_co2-ausstoss<\/a>)<\/p>\n\n\n\n<p>Um auf diese Missst\u00e4nde hinzuweisen, aber auch L\u00f6sungsans\u00e4tze aufzuzeigen, hat das Team-Nachhaltigkeit im Rahmen der j\u00e4hrlichen \u201eFairwoche\u201c eine Bildgalerie und einen Infostand zum Thema Fast Fashion im Hauptgeb\u00e4ude konzipiert. Hier konnten sich die Sch\u00fcler*innen mithilfe eines vielf\u00e4ltigen Angebots an Informationsmaterial, einer themenbezogenen PowerPoint-Pr\u00e4sentation und einem Informationsfilm zum Thema Fair Fashion informieren.<\/p>\n\n\n\n<figure class=\"wp-block-gallery has-nested-images columns-2 is-cropped wp-block-gallery-1 is-layout-flex wp-block-gallery-is-layout-flex\">\n<figure class=\"wp-block-image size-medium\"><img loading=\"lazy\" decoding=\"async\" width=\"300\" height=\"241\" data-id=\"1558\" src=\"https:\/\/www.schule-kell.de\/wp-content\/uploads\/2022\/11\/Fast-Fashion-Stellwand-300x241.jpg\" alt=\"\" class=\"wp-image-1558\"\/><\/figure>\n\n\n\n<figure class=\"wp-block-image size-medium\"><img loading=\"lazy\" decoding=\"async\" width=\"300\" height=\"267\" data-id=\"1559\" src=\"https:\/\/www.schule-kell.de\/wp-content\/uploads\/2022\/11\/Fast-Fashion-Fenster-300x267.jpg\" alt=\"\" class=\"wp-image-1559\"\/><\/figure>\n\n\n\n<figure class=\"wp-block-image size-medium\"><img loading=\"lazy\" decoding=\"async\" width=\"300\" height=\"225\" data-id=\"1560\" src=\"https:\/\/www.schule-kell.de\/wp-content\/uploads\/2022\/11\/ppp-fast-fashion-300x225.jpg\" alt=\"\" class=\"wp-image-1560\"\/><\/figure>\n<\/figure>\n","protected":false},"excerpt":{"rendered":"<p>Das Team-Nachhaltigkeit hat sich gemeinsam mit Herrn G\u00f6hler (BNE-Koordinator) die Kleidungsindustrie und die Entwicklungen, die Auswirkungen und M\u00f6glichkeiten im Umgang damit, n\u00e4her angeschaut und kritisch hinterfragt. Die Sch\u00fcler*innen haben sich hierzu mit folgenden Hintergr\u00fcnden auseinandergesetzt: Seit Jahren pr\u00e4gen Fast und Ultrafast Fashion unseren Konsum. Gemeint ist Kleidung, die so billig ist, dass sie nur wenige [&hellip;]<\/p>\n","protected":false},"author":3,"featured_media":1558,"comment_status":"open","ping_status":"open","sticky":false,"template":"","format":"standard","meta":{"_et_pb_use_builder":"off","_et_pb_old_content":"","_et_gb_content_width":"","footnotes":""},"categories":[3],"tags":[],"class_list":["post-1557","post","type-post","status-publish","format-standard","has-post-thumbnail","hentry","category-aktuelles"],"_links":{"self":[{"href":"https:\/\/www.schule-kell.de\/index.php?rest_route=\/wp\/v2\/posts\/1557","targetHints":{"allow":["GET"]}}],"collection":[{"href":"https:\/\/www.schule-kell.de\/index.php?rest_route=\/wp\/v2\/posts"}],"about":[{"href":"https:\/\/www.schule-kell.de\/index.php?rest_route=\/wp\/v2\/types\/post"}],"author":[{"embeddable":true,"href":"https:\/\/www.schule-kell.de\/index.php?rest_route=\/wp\/v2\/users\/3"}],"replies":[{"embeddable":true,"href":"https:\/\/www.schule-kell.de\/index.php?rest_route=%2Fwp%2Fv2%2Fcomments&post=1557"}],"version-history":[{"count":2,"href":"https:\/\/www.schule-kell.de\/index.php?rest_route=\/wp\/v2\/posts\/1557\/revisions"}],"predecessor-version":[{"id":1562,"href":"https:\/\/www.schule-kell.de\/index.php?rest_route=\/wp\/v2\/posts\/1557\/revisions\/1562"}],"wp:featuredmedia":[{"embeddable":true,"href":"https:\/\/www.schule-kell.de\/index.php?rest_route=\/wp\/v2\/media\/1558"}],"wp:attachment":[{"href":"https:\/\/www.schule-kell.de\/index.php?rest_route=%2Fwp%2Fv2%2Fmedia&parent=1557"}],"wp:term":[{"taxonomy":"category","embeddable":true,"href":"https:\/\/www.schule-kell.de\/index.php?rest_route=%2Fwp%2Fv2%2Fcategories&post=1557"},{"taxonomy":"post_tag","embeddable":true,"href":"https:\/\/www.schule-kell.de\/index.php?rest_route=%2Fwp%2Fv2%2Ftags&post=1557"}],"curies":[{"name":"wp","href":"https:\/\/api.w.org\/{rel}","templated":true}]}}