{"id":1538,"date":"2022-11-14T12:09:49","date_gmt":"2022-11-14T12:09:49","guid":{"rendered":"https:\/\/www.schule-kell.de\/?p=1538"},"modified":"2022-11-14T12:09:51","modified_gmt":"2022-11-14T12:09:51","slug":"rueckblick-auf-unseren-tag-der-offenen-tuer-2022","status":"publish","type":"post","link":"https:\/\/www.schule-kell.de\/?p=1538","title":{"rendered":"R\u00fcckblick auf unseren Tag der offenen T\u00fcr 2022"},"content":{"rendered":"\n<p>Um 9.30 Ihr begr\u00fc\u00dfte das Schulleitungsteam die interessierten Grundsch\u00fcler*innen und deren Erziehungsberechtigten in der Sporthalle. Herr Stra\u00dfer (Schulleiter) versprach den Grundsch\u00fcler*innen der 4. Klassen ein tolles und vielf\u00e4ltiges Mitmachangebot, welches Lehrkr\u00e4fte und Sch\u00fcler*innen der Realschule plus f\u00fcr sie vorbereitet hatten und entlie\u00df die Gastsch\u00fcler*innen mit ihren Scouts der 8. Jahrgangsstufe in die Workshops.<\/p>\n\n\n\n<p>Zeitgleich zu den Angeboten erhielten die Eltern und Erziehungsberechtigten einen umfassenden Einblick in die p\u00e4dagogische Arbeit an der Realschule plus, wobei hier der Fokus auf die Orientierungsstufe gelegt wurde. Ausgehend vom Leitbild der Schule \u2013 <em>gemeinschaftlich, praxisorientiert, nachhaltig<\/em> \u2013 wurde das Schulprogramm und die konzeptionelle Arbeit von Herrn Stra\u00dfer (Schulleiter), Herrn Krier (Stv. Schulleiter), Herrn Weyrich (Didaktischer Koordinator) und Frau Berg (P\u00e4dagogische Koordinatorin, komm.) erl\u00e4utert. Im Anschluss an die Informationsveranstaltung konnten sich Interessierte einer F\u00fchrung durch den neuen Fachklassenbereich anschlie\u00dfen und \u00fcber die ausstehenden Bauma\u00dfnahmen kundig machen.<\/p>\n\n\n\n<p>Bei Kaffee und Kuchen &#8211; der so zahlreich von der Elternschaft gespendet wurde &#8211; ergab sich die M\u00f6glichkeit, miteinander ins Gespr\u00e4ch zu kommen. Mitglieder des amtierenden und ehemaligen SEBs waren vor Ort, um in Einzelgespr\u00e4chen die Sicht der Elternschaft zu transportieren und Fragen, \u201edie nur Eltern beantworten k\u00f6nnen\u201c, zu beantworten. Im Sinne des Tags der offenen T\u00fcr hatten auch Eltern und Erziehungsberechtigte die Gelegenheit, die Mitmachangebote zu besichtigen, ihren Kindern \u00fcber die Schulter zu schauen und mit den Lehrkr\u00e4ften in einen Austausch zu treten.<\/p>\n\n\n\n<p>Wie Nachhaltigkeit und regionaler Anbau gelebt werden kann und perspektivisch mit unserer Streuobstwiese im Schulprogramm verankert wird, zeigten Frau Kuntz (Naturpark Saar-Hunsr\u00fcck), Herr Marx und einige Sch\u00fcler*innen beim Pressen frischen Apfelsaftes.<\/p>\n\n\n\n<p>Besonders gefreut haben wir uns auch \u00fcber den Besuch unserer ehemaligen Sch\u00fclerinnen und Sch\u00fcler, die zurzeit entweder die gymnasiale Oberstufe besuchen, diese schon erfolgreich mit dem Abitur abgeschlossen haben oder bereits ihrem Wunschberuf nachgehen.<\/p>\n\n\n\n<p>Die Schulgemeinschaft hat sich \u00fcber Ihr und Euer Kommen gefreut.<\/p>\n\n\n\n<p>Sollten Fragen offengeblieben sein oder sich im Nachgang an den Besuch und durch Gespr\u00e4che ergeben habe, melden Sie sich bei uns. Wir beraten Sie gerne.<\/p>\n\n\n\n<figure class=\"wp-block-image size-large is-resized\"><img loading=\"lazy\" decoding=\"async\" src=\"https:\/\/www.schule-kell.de\/wp-content\/uploads\/2022\/11\/Begruessung-1024x590.jpg\" alt=\"\" class=\"wp-image-1539\" width=\"508\" height=\"292\"\/><figcaption class=\"wp-element-caption\">Offizielle Begr\u00fc\u00dfung durch das Schulleitungsteam<\/figcaption><\/figure>\n\n\n\n<figure class=\"wp-block-gallery has-nested-images columns-2 is-cropped wp-block-gallery-1 is-layout-flex wp-block-gallery-is-layout-flex\">\n<figure class=\"wp-block-image size-large\"><img loading=\"lazy\" decoding=\"async\" width=\"768\" height=\"1024\" data-id=\"1544\" src=\"https:\/\/www.schule-kell.de\/wp-content\/uploads\/2022\/11\/3D-Drucker-2-768x1024.jpg\" alt=\"\" class=\"wp-image-1544\"\/><figcaption class=\"wp-element-caption\">3D-Druck<\/figcaption><\/figure>\n\n\n\n<figure class=\"wp-block-image size-large\"><img loading=\"lazy\" decoding=\"async\" width=\"1024\" height=\"868\" data-id=\"1545\" src=\"https:\/\/www.schule-kell.de\/wp-content\/uploads\/2022\/11\/Chemie-1024x868.jpg\" alt=\"\" class=\"wp-image-1545\" srcset=\"https:\/\/www.schule-kell.de\/wp-content\/uploads\/2022\/11\/Chemie-980x831.jpg 980w, https:\/\/www.schule-kell.de\/wp-content\/uploads\/2022\/11\/Chemie-480x407.jpg 480w\" sizes=\"auto, (min-width: 0px) and (max-width: 480px) 480px, (min-width: 481px) and (max-width: 980px) 980px, (min-width: 981px) 1024px, 100vw\" \/><figcaption class=\"wp-element-caption\">Nawi hautnah<\/figcaption><\/figure>\n\n\n\n<figure class=\"wp-block-image size-large\"><img loading=\"lazy\" decoding=\"async\" width=\"1024\" height=\"983\" data-id=\"1546\" src=\"https:\/\/www.schule-kell.de\/wp-content\/uploads\/2022\/11\/Basketball-1-1024x983.jpg\" alt=\"\" class=\"wp-image-1546\" srcset=\"https:\/\/www.schule-kell.de\/wp-content\/uploads\/2022\/11\/Basketball-1-980x941.jpg 980w, https:\/\/www.schule-kell.de\/wp-content\/uploads\/2022\/11\/Basketball-1-480x461.jpg 480w\" sizes=\"auto, (min-width: 0px) and (max-width: 480px) 480px, (min-width: 481px) and (max-width: 980px) 980px, (min-width: 981px) 1024px, 100vw\" \/><figcaption class=\"wp-element-caption\">Sportklasse erleben<\/figcaption><\/figure>\n\n\n\n<figure class=\"wp-block-image size-large\"><img loading=\"lazy\" decoding=\"async\" width=\"819\" height=\"1024\" data-id=\"1547\" src=\"https:\/\/www.schule-kell.de\/wp-content\/uploads\/2022\/11\/Apfelpresse-1-819x1024.jpg\" alt=\"\" class=\"wp-image-1547\"\/><figcaption class=\"wp-element-caption\">BNE aktiv mitgestalten<\/figcaption><\/figure>\n\n\n\n<figure class=\"wp-block-image size-large\"><img loading=\"lazy\" decoding=\"async\" width=\"1024\" height=\"911\" data-id=\"1550\" src=\"https:\/\/www.schule-kell.de\/wp-content\/uploads\/2022\/11\/Traumfaenger-1024x911.jpg\" alt=\"\" class=\"wp-image-1550\" srcset=\"https:\/\/www.schule-kell.de\/wp-content\/uploads\/2022\/11\/Traumfaenger-980x872.jpg 980w, https:\/\/www.schule-kell.de\/wp-content\/uploads\/2022\/11\/Traumfaenger-480x427.jpg 480w\" sizes=\"auto, (min-width: 0px) and (max-width: 480px) 480px, (min-width: 481px) and (max-width: 980px) 980px, (min-width: 981px) 1024px, 100vw\" \/><figcaption class=\"wp-element-caption\">Kreativit\u00e4t f\u00f6rdern<\/figcaption><\/figure>\n\n\n\n<figure class=\"wp-block-image size-large\"><img loading=\"lazy\" decoding=\"async\" width=\"1024\" height=\"768\" data-id=\"1551\" src=\"https:\/\/www.schule-kell.de\/wp-content\/uploads\/2022\/11\/Elterncafe-1-1024x768.jpg\" alt=\"\" class=\"wp-image-1551\" srcset=\"https:\/\/www.schule-kell.de\/wp-content\/uploads\/2022\/11\/Elterncafe-1-980x735.jpg 980w, https:\/\/www.schule-kell.de\/wp-content\/uploads\/2022\/11\/Elterncafe-1-480x360.jpg 480w\" sizes=\"auto, (min-width: 0px) and (max-width: 480px) 480px, (min-width: 481px) and (max-width: 980px) 980px, (min-width: 981px) 1024px, 100vw\" \/><figcaption class=\"wp-element-caption\">Elternaustausch<\/figcaption><\/figure>\n<\/figure>\n\n\n","protected":false},"excerpt":{"rendered":"<p>Um 9.30 Ihr begr\u00fc\u00dfte das Schulleitungsteam die interessierten Grundsch\u00fcler*innen und deren Erziehungsberechtigten in der Sporthalle. Herr Stra\u00dfer (Schulleiter) versprach den Grundsch\u00fcler*innen der 4. Klassen ein tolles und vielf\u00e4ltiges Mitmachangebot, welches Lehrkr\u00e4fte und Sch\u00fcler*innen der Realschule plus f\u00fcr sie vorbereitet hatten und entlie\u00df die Gastsch\u00fcler*innen mit ihren Scouts der 8. Jahrgangsstufe in die Workshops. Zeitgleich zu [&hellip;]<\/p>\n","protected":false},"author":3,"featured_media":1539,"comment_status":"open","ping_status":"open","sticky":false,"template":"","format":"standard","meta":{"_et_pb_use_builder":"off","_et_pb_old_content":"","_et_gb_content_width":"","footnotes":""},"categories":[3],"tags":[],"class_list":["post-1538","post","type-post","status-publish","format-standard","has-post-thumbnail","hentry","category-aktuelles"],"_links":{"self":[{"href":"https:\/\/www.schule-kell.de\/index.php?rest_route=\/wp\/v2\/posts\/1538","targetHints":{"allow":["GET"]}}],"collection":[{"href":"https:\/\/www.schule-kell.de\/index.php?rest_route=\/wp\/v2\/posts"}],"about":[{"href":"https:\/\/www.schule-kell.de\/index.php?rest_route=\/wp\/v2\/types\/post"}],"author":[{"embeddable":true,"href":"https:\/\/www.schule-kell.de\/index.php?rest_route=\/wp\/v2\/users\/3"}],"replies":[{"embeddable":true,"href":"https:\/\/www.schule-kell.de\/index.php?rest_route=%2Fwp%2Fv2%2Fcomments&post=1538"}],"version-history":[{"count":5,"href":"https:\/\/www.schule-kell.de\/index.php?rest_route=\/wp\/v2\/posts\/1538\/revisions"}],"predecessor-version":[{"id":1556,"href":"https:\/\/www.schule-kell.de\/index.php?rest_route=\/wp\/v2\/posts\/1538\/revisions\/1556"}],"wp:featuredmedia":[{"embeddable":true,"href":"https:\/\/www.schule-kell.de\/index.php?rest_route=\/wp\/v2\/media\/1539"}],"wp:attachment":[{"href":"https:\/\/www.schule-kell.de\/index.php?rest_route=%2Fwp%2Fv2%2Fmedia&parent=1538"}],"wp:term":[{"taxonomy":"category","embeddable":true,"href":"https:\/\/www.schule-kell.de\/index.php?rest_route=%2Fwp%2Fv2%2Fcategories&post=1538"},{"taxonomy":"post_tag","embeddable":true,"href":"https:\/\/www.schule-kell.de\/index.php?rest_route=%2Fwp%2Fv2%2Ftags&post=1538"}],"curies":[{"name":"wp","href":"https:\/\/api.w.org\/{rel}","templated":true}]}}