{"id":1529,"date":"2022-11-06T11:12:14","date_gmt":"2022-11-06T11:12:14","guid":{"rendered":"https:\/\/www.schule-kell.de\/?p=1529"},"modified":"2022-11-10T11:17:11","modified_gmt":"2022-11-10T11:17:11","slug":"wir-werden-klasse-klasse","status":"publish","type":"post","link":"https:\/\/www.schule-kell.de\/?p=1529","title":{"rendered":"Wir werden Klasse\/ klasse"},"content":{"rendered":"\n<p>Auch dieses Schuljahr startete wieder das Projekt f\u00fcr die 5.Klassen<strong> \u201eWir werden Klasse\/klasse\u201c<\/strong><\/p>\n\n\n\n<p>Im Rahmen unseres Pr\u00e4ventionskonzeptes besch\u00e4ftigten sich die F\u00fcnftkl\u00e4ssler*innen im ersten Themenblock mit dem Begriff<strong>: \u201eEine helfende Hand\u201c<\/strong>: \u201eWo brauche ich eine helfende Hand? Und wo kann ich eine helfende Hand sein? Um diese Fragen drehte sich das Klassenprojekt, an dem am Ende ein Plakat f\u00fcr die Klassengemeinschaft mit \u201ehelfenden H\u00e4nden\u201c gestaltet wurde.<\/p>\n\n\n\n<p>Darauf folgte vier Wochen sp\u00e4ter der n\u00e4chste Baustein zum Thema<strong>: Freundschaft.<\/strong> Hier setzten sich die Sch\u00fcler*innen mit den Fragestellungen auseinander \u201eWas bedeutet Freundschaft? Was zeichnet einen guten Freund \/eine gute Freundin aus?\u201c. Die Klassen waren auch k\u00fcnstlerisch aktiv, da sie einen Rapp einstudierten, Symbole der Freundschaft gestalteten und den perfekten Freund\/ die perfekte Freundin zeichneten.<\/p>\n\n\n\n<p>Ich freue mich auf das n\u00e4chst Projekt mit den drei F\u00fcnferklassen. Dieser wird sich dann mit dem Thema: \u201e<strong>Mobbing, nicht mit uns!\u201c<\/strong> besch\u00e4ftigen und ich hoffe, dass wieder ein reger Austausch und tolle Ideen entstehen.<\/p>\n\n\n\n<p>Katharine Wichmann, Schulsozialarbeiterin<\/p>\n\n\n\n<figure class=\"wp-block-image size-large is-resized\"><img loading=\"lazy\" decoding=\"async\" src=\"https:\/\/www.schule-kell.de\/wp-content\/uploads\/2022\/11\/Freundschaft-5a-1024x662.jpg\" alt=\"\" class=\"wp-image-1530\" width=\"457\" height=\"295\"\/><\/figure>\n","protected":false},"excerpt":{"rendered":"<p>Auch dieses Schuljahr startete wieder das Projekt f\u00fcr die 5.Klassen \u201eWir werden Klasse\/klasse\u201c Im Rahmen unseres Pr\u00e4ventionskonzeptes besch\u00e4ftigten sich die F\u00fcnftkl\u00e4ssler*innen im ersten Themenblock mit dem Begriff: \u201eEine helfende Hand\u201c: \u201eWo brauche ich eine helfende Hand? Und wo kann ich eine helfende Hand sein? Um diese Fragen drehte sich das Klassenprojekt, an dem am Ende [&hellip;]<\/p>\n","protected":false},"author":3,"featured_media":1530,"comment_status":"open","ping_status":"open","sticky":false,"template":"","format":"standard","meta":{"_et_pb_use_builder":"off","_et_pb_old_content":"","_et_gb_content_width":"","footnotes":""},"categories":[3],"tags":[],"class_list":["post-1529","post","type-post","status-publish","format-standard","has-post-thumbnail","hentry","category-aktuelles"],"_links":{"self":[{"href":"https:\/\/www.schule-kell.de\/index.php?rest_route=\/wp\/v2\/posts\/1529","targetHints":{"allow":["GET"]}}],"collection":[{"href":"https:\/\/www.schule-kell.de\/index.php?rest_route=\/wp\/v2\/posts"}],"about":[{"href":"https:\/\/www.schule-kell.de\/index.php?rest_route=\/wp\/v2\/types\/post"}],"author":[{"embeddable":true,"href":"https:\/\/www.schule-kell.de\/index.php?rest_route=\/wp\/v2\/users\/3"}],"replies":[{"embeddable":true,"href":"https:\/\/www.schule-kell.de\/index.php?rest_route=%2Fwp%2Fv2%2Fcomments&post=1529"}],"version-history":[{"count":3,"href":"https:\/\/www.schule-kell.de\/index.php?rest_route=\/wp\/v2\/posts\/1529\/revisions"}],"predecessor-version":[{"id":1533,"href":"https:\/\/www.schule-kell.de\/index.php?rest_route=\/wp\/v2\/posts\/1529\/revisions\/1533"}],"wp:featuredmedia":[{"embeddable":true,"href":"https:\/\/www.schule-kell.de\/index.php?rest_route=\/wp\/v2\/media\/1530"}],"wp:attachment":[{"href":"https:\/\/www.schule-kell.de\/index.php?rest_route=%2Fwp%2Fv2%2Fmedia&parent=1529"}],"wp:term":[{"taxonomy":"category","embeddable":true,"href":"https:\/\/www.schule-kell.de\/index.php?rest_route=%2Fwp%2Fv2%2Fcategories&post=1529"},{"taxonomy":"post_tag","embeddable":true,"href":"https:\/\/www.schule-kell.de\/index.php?rest_route=%2Fwp%2Fv2%2Ftags&post=1529"}],"curies":[{"name":"wp","href":"https:\/\/api.w.org\/{rel}","templated":true}]}}