{"id":1498,"date":"2022-11-03T08:41:19","date_gmt":"2022-11-03T08:41:19","guid":{"rendered":"https:\/\/www.schule-kell.de\/?p=1498"},"modified":"2022-11-04T08:41:54","modified_gmt":"2022-11-04T08:41:54","slug":"achtklaesserinnen-besuchen-die-handwerkskammer-trier","status":"publish","type":"post","link":"https:\/\/www.schule-kell.de\/?p=1498","title":{"rendered":"Achtkl\u00e4sser*innen besuchen die Handwerkskammer Trier"},"content":{"rendered":"\n<p>Vor den Herbstferien besuchten unsere Achtkl\u00e4ssler*innen die Werkst\u00e4tten der Handwerkskammer Trier, um sich in unterschiedlichen Berufsfeldern auszuprobieren.<\/p>\n\n\n\n<p>Vorab durften unsere Sch\u00fcler*innen vier Berufsfelder benennen, in denen sie sich ausprobieren wollten und mittels praktischer \u00dcbungen einen ersten Eindruck der Berufe gewinnen mochten. Hierbei brachen die Achtkl\u00e4ssler*innen \u201everaltete\u201c Rollenbilder auf, da sowohl Sch\u00fclerinnen als auch Sch\u00fcler ihr Geschick im Verlegen und Verfugen von Fliesen, dem Arbeiten mit Metall oder Frisieren an \u00dcbungsk\u00f6pfen im Laufe der zwei Wochen testeten. Im Fokus ihrer Wahl der Berufsfelder standen f\u00fcr die Lernenden ihre Neigungen und Interessen, die ihre Berufsorientierung pr\u00e4gen.<\/p>\n\n\n\n<p>Als BNE-Schule orientieren wir uns bei den berufsorientierenden Ma\u00dfnahmen u.a. an den Zielen <em>Hochwertige Bildung<\/em> (SDG 4) und <em>Geschlechtergleichheit<\/em> (SDG 5), was unsere Sch\u00fcler*innen mithilfe ihrer getroffenen Wahl aktiv umgesetzt und eingefordert haben.<\/p>\n\n\n\n<p>In enger Zusammenarbeit und Abstimmung mit Frau Fleischer (HWK) und dank des engagierten Anleitens und Unterst\u00fctzens durch die Expert*innen der unterschiedlichen Gewerke, nahmen unsere Sch\u00fcler*innen das zweiw\u00f6chige Angebot der HWK Trier mit Freude und Spa\u00df wahr. &nbsp;<\/p>\n\n\n\n<figure class=\"wp-block-image size-large is-resized\"><img loading=\"lazy\" decoding=\"async\" src=\"https:\/\/www.schule-kell.de\/wp-content\/uploads\/2022\/11\/Bild-Handwerk-Zukunft-1024x633.jpg\" alt=\"\" class=\"wp-image-1502\" width=\"459\" height=\"283\"\/><\/figure>\n\n\n\n<div class=\"wp-block-columns are-vertically-aligned-bottom is-layout-flex wp-container-core-columns-is-layout-9d6595d7 wp-block-columns-is-layout-flex\">\n<div class=\"wp-block-column is-vertically-aligned-bottom is-layout-flow wp-block-column-is-layout-flow\" style=\"flex-basis:100%\">\n<figure class=\"wp-block-image alignleft size-large is-resized\"><img loading=\"lazy\" decoding=\"async\" src=\"https:\/\/www.schule-kell.de\/wp-content\/uploads\/2022\/11\/Bild-Fliesenleger-1-768x1024.jpg\" alt=\"\" class=\"wp-image-1503\" width=\"163\" height=\"217\"\/><\/figure>\n\n\n\n<figure class=\"wp-block-image alignleft size-large is-resized\"><img loading=\"lazy\" decoding=\"async\" src=\"https:\/\/www.schule-kell.de\/wp-content\/uploads\/2022\/11\/Bild-Friseur-2-768x1024.jpg\" alt=\"\" class=\"wp-image-1506\" width=\"162\" height=\"216\"\/><\/figure>\n\n\n\n<figure class=\"wp-block-image alignleft size-large is-resized\"><img loading=\"lazy\" decoding=\"async\" src=\"https:\/\/www.schule-kell.de\/wp-content\/uploads\/2022\/11\/Bild-Maler-768x1024.jpg\" alt=\"\" class=\"wp-image-1507\" width=\"162\" height=\"215\"\/><\/figure>\n\n\n\n<figure class=\"wp-block-image alignleft size-large is-resized\"><img loading=\"lazy\" decoding=\"async\" src=\"https:\/\/www.schule-kell.de\/wp-content\/uploads\/2022\/11\/Bild-Metall-Anleitung-768x1024.jpg\" alt=\"\" class=\"wp-image-1509\" width=\"163\" height=\"216\"\/><\/figure>\n\n\n\n<figure class=\"wp-block-image alignleft size-large is-resized\"><img loading=\"lazy\" decoding=\"async\" src=\"https:\/\/www.schule-kell.de\/wp-content\/uploads\/2022\/11\/Bild-Maedels-IT-1-768x1024.jpg\" alt=\"\" class=\"wp-image-1513\" width=\"163\" height=\"216\"\/><\/figure>\n<\/div>\n<\/div>\n\n\n\n<p><\/p>\n","protected":false},"excerpt":{"rendered":"<p>Vor den Herbstferien besuchten unsere Achtkl\u00e4ssler*innen die Werkst\u00e4tten der Handwerkskammer Trier, um sich in unterschiedlichen Berufsfeldern auszuprobieren. Vorab durften unsere Sch\u00fcler*innen vier Berufsfelder benennen, in denen sie sich ausprobieren wollten und mittels praktischer \u00dcbungen einen ersten Eindruck der Berufe gewinnen mochten. Hierbei brachen die Achtkl\u00e4ssler*innen \u201everaltete\u201c Rollenbilder auf, da sowohl Sch\u00fclerinnen als auch Sch\u00fcler ihr [&hellip;]<\/p>\n","protected":false},"author":3,"featured_media":1502,"comment_status":"open","ping_status":"open","sticky":false,"template":"","format":"standard","meta":{"_et_pb_use_builder":"off","_et_pb_old_content":"","_et_gb_content_width":"","footnotes":""},"categories":[3],"tags":[],"class_list":["post-1498","post","type-post","status-publish","format-standard","has-post-thumbnail","hentry","category-aktuelles"],"_links":{"self":[{"href":"https:\/\/www.schule-kell.de\/index.php?rest_route=\/wp\/v2\/posts\/1498","targetHints":{"allow":["GET"]}}],"collection":[{"href":"https:\/\/www.schule-kell.de\/index.php?rest_route=\/wp\/v2\/posts"}],"about":[{"href":"https:\/\/www.schule-kell.de\/index.php?rest_route=\/wp\/v2\/types\/post"}],"author":[{"embeddable":true,"href":"https:\/\/www.schule-kell.de\/index.php?rest_route=\/wp\/v2\/users\/3"}],"replies":[{"embeddable":true,"href":"https:\/\/www.schule-kell.de\/index.php?rest_route=%2Fwp%2Fv2%2Fcomments&post=1498"}],"version-history":[{"count":7,"href":"https:\/\/www.schule-kell.de\/index.php?rest_route=\/wp\/v2\/posts\/1498\/revisions"}],"predecessor-version":[{"id":1520,"href":"https:\/\/www.schule-kell.de\/index.php?rest_route=\/wp\/v2\/posts\/1498\/revisions\/1520"}],"wp:featuredmedia":[{"embeddable":true,"href":"https:\/\/www.schule-kell.de\/index.php?rest_route=\/wp\/v2\/media\/1502"}],"wp:attachment":[{"href":"https:\/\/www.schule-kell.de\/index.php?rest_route=%2Fwp%2Fv2%2Fmedia&parent=1498"}],"wp:term":[{"taxonomy":"category","embeddable":true,"href":"https:\/\/www.schule-kell.de\/index.php?rest_route=%2Fwp%2Fv2%2Fcategories&post=1498"},{"taxonomy":"post_tag","embeddable":true,"href":"https:\/\/www.schule-kell.de\/index.php?rest_route=%2Fwp%2Fv2%2Ftags&post=1498"}],"curies":[{"name":"wp","href":"https:\/\/api.w.org\/{rel}","templated":true}]}}