{"id":1487,"date":"2022-10-11T07:41:58","date_gmt":"2022-10-11T07:41:58","guid":{"rendered":"https:\/\/www.schule-kell.de\/?p=1487"},"modified":"2022-10-11T07:42:00","modified_gmt":"2022-10-11T07:42:00","slug":"die-neuen-fachklassen-sind-da","status":"publish","type":"post","link":"https:\/\/www.schule-kell.de\/?p=1487","title":{"rendered":"Die neuen Fachklassen sind da!"},"content":{"rendered":"\n<p>Jetzt geht es Schlag auf Schlag. Seit letzter Woche werden die neuen Pavillons gestellt und der Fachklassenreich w\u00e4chst. Insgesamt 31 Elemente verbinden sich zu insgesamt zwei Klassenr\u00e4umen, einem Nawi-Raum samt Sammlung, einer vollausgestatteten Schulk\u00fcche mit angrenzendem Speiseraum sowie Sch\u00fcler*innentoiletten, zwei Toilettenanlagen f\u00fcr die Lehrkr\u00e4fte und Lagerr\u00e4ume f\u00fcr den Hauswart.<\/p>\n\n\n\n<figure class=\"wp-block-image size-large\"><img loading=\"lazy\" decoding=\"async\" width=\"1024\" height=\"768\" src=\"https:\/\/www.schule-kell.de\/wp-content\/uploads\/2022\/10\/IMG_20221006_110325-1024x768.jpg\" alt=\"\" class=\"wp-image-1488\" srcset=\"https:\/\/www.schule-kell.de\/wp-content\/uploads\/2022\/10\/IMG_20221006_110325-980x735.jpg 980w, https:\/\/www.schule-kell.de\/wp-content\/uploads\/2022\/10\/IMG_20221006_110325-480x360.jpg 480w\" sizes=\"auto, (min-width: 0px) and (max-width: 480px) 480px, (min-width: 481px) and (max-width: 980px) 980px, (min-width: 981px) 1024px, 100vw\" \/><\/figure>\n","protected":false},"excerpt":{"rendered":"<p>Jetzt geht es Schlag auf Schlag. Seit letzter Woche werden die neuen Pavillons gestellt und der Fachklassenreich w\u00e4chst. Insgesamt 31 Elemente verbinden sich zu insgesamt zwei Klassenr\u00e4umen, einem Nawi-Raum samt Sammlung, einer vollausgestatteten Schulk\u00fcche mit angrenzendem Speiseraum sowie Sch\u00fcler*innentoiletten, zwei Toilettenanlagen f\u00fcr die Lehrkr\u00e4fte und Lagerr\u00e4ume f\u00fcr den Hauswart.<\/p>\n","protected":false},"author":4,"featured_media":1488,"comment_status":"open","ping_status":"open","sticky":false,"template":"","format":"standard","meta":{"_et_pb_use_builder":"off","_et_pb_old_content":"","_et_gb_content_width":"","footnotes":""},"categories":[3,4],"tags":[],"class_list":["post-1487","post","type-post","status-publish","format-standard","has-post-thumbnail","hentry","category-aktuelles","category-bautagebuch"],"_links":{"self":[{"href":"https:\/\/www.schule-kell.de\/index.php?rest_route=\/wp\/v2\/posts\/1487","targetHints":{"allow":["GET"]}}],"collection":[{"href":"https:\/\/www.schule-kell.de\/index.php?rest_route=\/wp\/v2\/posts"}],"about":[{"href":"https:\/\/www.schule-kell.de\/index.php?rest_route=\/wp\/v2\/types\/post"}],"author":[{"embeddable":true,"href":"https:\/\/www.schule-kell.de\/index.php?rest_route=\/wp\/v2\/users\/4"}],"replies":[{"embeddable":true,"href":"https:\/\/www.schule-kell.de\/index.php?rest_route=%2Fwp%2Fv2%2Fcomments&post=1487"}],"version-history":[{"count":1,"href":"https:\/\/www.schule-kell.de\/index.php?rest_route=\/wp\/v2\/posts\/1487\/revisions"}],"predecessor-version":[{"id":1489,"href":"https:\/\/www.schule-kell.de\/index.php?rest_route=\/wp\/v2\/posts\/1487\/revisions\/1489"}],"wp:featuredmedia":[{"embeddable":true,"href":"https:\/\/www.schule-kell.de\/index.php?rest_route=\/wp\/v2\/media\/1488"}],"wp:attachment":[{"href":"https:\/\/www.schule-kell.de\/index.php?rest_route=%2Fwp%2Fv2%2Fmedia&parent=1487"}],"wp:term":[{"taxonomy":"category","embeddable":true,"href":"https:\/\/www.schule-kell.de\/index.php?rest_route=%2Fwp%2Fv2%2Fcategories&post=1487"},{"taxonomy":"post_tag","embeddable":true,"href":"https:\/\/www.schule-kell.de\/index.php?rest_route=%2Fwp%2Fv2%2Ftags&post=1487"}],"curies":[{"name":"wp","href":"https:\/\/api.w.org\/{rel}","templated":true}]}}