{"id":1463,"date":"2022-08-28T10:40:00","date_gmt":"2022-08-28T10:40:00","guid":{"rendered":"https:\/\/www.schule-kell.de\/?p=1463"},"modified":"2022-09-30T07:48:11","modified_gmt":"2022-09-30T07:48:11","slug":"das-alte-haus-lehnen-muss-weichen","status":"publish","type":"post","link":"https:\/\/www.schule-kell.de\/?p=1463","title":{"rendered":"Das alte &#8222;Haus Lehnen&#8220; muss weichen"},"content":{"rendered":"\n<p>Der neue Fachklassenbereich braucht Platz. Aus diesem Grund stand in diesen Tag der Abriss des alten Bestandsgeb\u00e4udes &#8222;Haus Lehnen&#8220; an. Viele Jahre diente es der Schule als Fachbereich f\u00fcr die Hauswirtschaft. Ein wenig Wehmut schwingt durchaus mit&#8230; Doch auch hier freuen wir auf die neuen R\u00e4umlichkeiten, die uns schon bald zur Verf\u00fcgung stehen werden.<\/p>\n\n\n\n<p><\/p>\n\n\n\n<figure class=\"wp-block-image aligncenter size-full\"><img loading=\"lazy\" decoding=\"async\" width=\"1024\" height=\"576\" src=\"https:\/\/www.schule-kell.de\/wp-content\/uploads\/2022\/09\/2022_08_28-Abriss1.jpg\" alt=\"\" class=\"wp-image-1464\" srcset=\"https:\/\/www.schule-kell.de\/wp-content\/uploads\/2022\/09\/2022_08_28-Abriss1.jpg 1024w, https:\/\/www.schule-kell.de\/wp-content\/uploads\/2022\/09\/2022_08_28-Abriss1-980x551.jpg 980w, https:\/\/www.schule-kell.de\/wp-content\/uploads\/2022\/09\/2022_08_28-Abriss1-480x270.jpg 480w\" sizes=\"auto, (min-width: 0px) and (max-width: 480px) 480px, (min-width: 481px) and (max-width: 980px) 980px, (min-width: 981px) 1024px, 100vw\" \/><\/figure>\n","protected":false},"excerpt":{"rendered":"<p>Der neue Fachklassenbereich braucht Platz. Aus diesem Grund stand in diesen Tag der Abriss des alten Bestandsgeb\u00e4udes &#8222;Haus Lehnen&#8220; an. Viele Jahre diente es der Schule als Fachbereich f\u00fcr die Hauswirtschaft. Ein wenig Wehmut schwingt durchaus mit&#8230; Doch auch hier freuen wir auf die neuen R\u00e4umlichkeiten, die uns schon bald zur Verf\u00fcgung stehen werden.<\/p>\n","protected":false},"author":4,"featured_media":1464,"comment_status":"open","ping_status":"open","sticky":false,"template":"","format":"standard","meta":{"_et_pb_use_builder":"off","_et_pb_old_content":"","_et_gb_content_width":"","footnotes":""},"categories":[4],"tags":[],"class_list":["post-1463","post","type-post","status-publish","format-standard","has-post-thumbnail","hentry","category-bautagebuch"],"_links":{"self":[{"href":"https:\/\/www.schule-kell.de\/index.php?rest_route=\/wp\/v2\/posts\/1463","targetHints":{"allow":["GET"]}}],"collection":[{"href":"https:\/\/www.schule-kell.de\/index.php?rest_route=\/wp\/v2\/posts"}],"about":[{"href":"https:\/\/www.schule-kell.de\/index.php?rest_route=\/wp\/v2\/types\/post"}],"author":[{"embeddable":true,"href":"https:\/\/www.schule-kell.de\/index.php?rest_route=\/wp\/v2\/users\/4"}],"replies":[{"embeddable":true,"href":"https:\/\/www.schule-kell.de\/index.php?rest_route=%2Fwp%2Fv2%2Fcomments&post=1463"}],"version-history":[{"count":1,"href":"https:\/\/www.schule-kell.de\/index.php?rest_route=\/wp\/v2\/posts\/1463\/revisions"}],"predecessor-version":[{"id":1465,"href":"https:\/\/www.schule-kell.de\/index.php?rest_route=\/wp\/v2\/posts\/1463\/revisions\/1465"}],"wp:featuredmedia":[{"embeddable":true,"href":"https:\/\/www.schule-kell.de\/index.php?rest_route=\/wp\/v2\/media\/1464"}],"wp:attachment":[{"href":"https:\/\/www.schule-kell.de\/index.php?rest_route=%2Fwp%2Fv2%2Fmedia&parent=1463"}],"wp:term":[{"taxonomy":"category","embeddable":true,"href":"https:\/\/www.schule-kell.de\/index.php?rest_route=%2Fwp%2Fv2%2Fcategories&post=1463"},{"taxonomy":"post_tag","embeddable":true,"href":"https:\/\/www.schule-kell.de\/index.php?rest_route=%2Fwp%2Fv2%2Ftags&post=1463"}],"curies":[{"name":"wp","href":"https:\/\/api.w.org\/{rel}","templated":true}]}}