{"id":1459,"date":"2022-07-12T07:34:00","date_gmt":"2022-07-12T07:34:00","guid":{"rendered":"https:\/\/www.schule-kell.de\/?p=1459"},"modified":"2022-09-30T07:40:03","modified_gmt":"2022-09-30T07:40:03","slug":"beginn-der-erdarbeiten-fuer-den-fachklassenbereich","status":"publish","type":"post","link":"https:\/\/www.schule-kell.de\/?p=1459","title":{"rendered":"Beginn der Erdarbeiten f\u00fcr den Fachklassenbereich"},"content":{"rendered":"\n<p>Der Startschuss f\u00fcr den neuen Fachklassenbereich ist gefallen und die Erdarbeiten sind in vollem Gange. Die gro\u00dfz\u00fcgige Fl\u00e4che wird eine komplett ausgestattete Schulk\u00fcche mit vier K\u00fcchenzeilen samt Speiseraum, einen neuen naturwissenschaftlichen Raum mit angrenzender Sammlung sowie zwei neue Klassenr\u00e4ume beheimaten. Wir freuen uns schon jetzt auf das Ergebnis!<\/p>\n\n\n\n<p><\/p>\n\n\n\n<figure class=\"wp-block-image size-large\"><img loading=\"lazy\" decoding=\"async\" width=\"1024\" height=\"768\" src=\"https:\/\/www.schule-kell.de\/wp-content\/uploads\/2022\/09\/2022_07_12-Erdarbeiten1-1024x768.jpg\" alt=\"\" class=\"wp-image-1460\" srcset=\"https:\/\/www.schule-kell.de\/wp-content\/uploads\/2022\/09\/2022_07_12-Erdarbeiten1-980x735.jpg 980w, https:\/\/www.schule-kell.de\/wp-content\/uploads\/2022\/09\/2022_07_12-Erdarbeiten1-480x360.jpg 480w\" sizes=\"auto, (min-width: 0px) and (max-width: 480px) 480px, (min-width: 481px) and (max-width: 980px) 980px, (min-width: 981px) 1024px, 100vw\" \/><\/figure>\n","protected":false},"excerpt":{"rendered":"<p>Der Startschuss f\u00fcr den neuen Fachklassenbereich ist gefallen und die Erdarbeiten sind in vollem Gange. Die gro\u00dfz\u00fcgige Fl\u00e4che wird eine komplett ausgestattete Schulk\u00fcche mit vier K\u00fcchenzeilen samt Speiseraum, einen neuen naturwissenschaftlichen Raum mit angrenzender Sammlung sowie zwei neue Klassenr\u00e4ume beheimaten. Wir freuen uns schon jetzt auf das Ergebnis!<\/p>\n","protected":false},"author":4,"featured_media":1460,"comment_status":"open","ping_status":"open","sticky":false,"template":"","format":"standard","meta":{"_et_pb_use_builder":"off","_et_pb_old_content":"","_et_gb_content_width":"","footnotes":""},"categories":[4],"tags":[],"class_list":["post-1459","post","type-post","status-publish","format-standard","has-post-thumbnail","hentry","category-bautagebuch"],"_links":{"self":[{"href":"https:\/\/www.schule-kell.de\/index.php?rest_route=\/wp\/v2\/posts\/1459","targetHints":{"allow":["GET"]}}],"collection":[{"href":"https:\/\/www.schule-kell.de\/index.php?rest_route=\/wp\/v2\/posts"}],"about":[{"href":"https:\/\/www.schule-kell.de\/index.php?rest_route=\/wp\/v2\/types\/post"}],"author":[{"embeddable":true,"href":"https:\/\/www.schule-kell.de\/index.php?rest_route=\/wp\/v2\/users\/4"}],"replies":[{"embeddable":true,"href":"https:\/\/www.schule-kell.de\/index.php?rest_route=%2Fwp%2Fv2%2Fcomments&post=1459"}],"version-history":[{"count":2,"href":"https:\/\/www.schule-kell.de\/index.php?rest_route=\/wp\/v2\/posts\/1459\/revisions"}],"predecessor-version":[{"id":1462,"href":"https:\/\/www.schule-kell.de\/index.php?rest_route=\/wp\/v2\/posts\/1459\/revisions\/1462"}],"wp:featuredmedia":[{"embeddable":true,"href":"https:\/\/www.schule-kell.de\/index.php?rest_route=\/wp\/v2\/media\/1460"}],"wp:attachment":[{"href":"https:\/\/www.schule-kell.de\/index.php?rest_route=%2Fwp%2Fv2%2Fmedia&parent=1459"}],"wp:term":[{"taxonomy":"category","embeddable":true,"href":"https:\/\/www.schule-kell.de\/index.php?rest_route=%2Fwp%2Fv2%2Fcategories&post=1459"},{"taxonomy":"post_tag","embeddable":true,"href":"https:\/\/www.schule-kell.de\/index.php?rest_route=%2Fwp%2Fv2%2Ftags&post=1459"}],"curies":[{"name":"wp","href":"https:\/\/api.w.org\/{rel}","templated":true}]}}