{"id":1408,"date":"2022-09-20T12:16:08","date_gmt":"2022-09-20T12:16:08","guid":{"rendered":"https:\/\/www.schule-kell.de\/?p=1408"},"modified":"2022-09-25T19:46:08","modified_gmt":"2022-09-25T19:46:08","slug":"berufswahlunterricht-im-berufsinformationszentrum-biz","status":"publish","type":"post","link":"https:\/\/www.schule-kell.de\/?p=1408","title":{"rendered":"Berufswahlunterricht im Berufsinformationszentrum (BIZ)"},"content":{"rendered":"\n<p>Unsere Sch\u00fcler*innen der Klassen 9b und 10a waren zu Gast bei Ihrer Berufsberaterin Frau Lasev im BIZ, um gemeinsam den Weg nach der Schule in den Fokus zu nehmen. Hierbei wurden sowohl die M\u00f6glichkeiten einer Dualen Ausbildung als auch der Gang zu einer weiterf\u00fchrenden Schule angedacht und mit den eigenen Interessen und F\u00e4higkeiten abgeglichen.<\/p>\n\n\n\n<p>Im Gespr\u00e4ch und in individuellen Recherchen waren die Sch\u00fcler*innen ihren eigenen F\u00e4hig- und Fertigkeiten auf der Spur, haben ihre bisherigen Erfahrungen aus den Werkstatttagen in der Handwerkskammer Trier sowie den absolvierten Praktika revuepassieren lassen und den eigene Fahrplan neu ausgerichtet bzw. angepasst.<\/p>\n\n\n\n<p>Der erste Schritt im neuen Schuljahr ist gemacht. Weitere berufsorientierende Angebote werden folgen, um den \u00dcbergang von der Realschule plus in die Berufswelt bestm\u00f6glich zu begleiten.<\/p>\n\n\n\n<figure class=\"wp-block-gallery has-nested-images columns-default is-cropped wp-block-gallery-1 is-layout-flex wp-block-gallery-is-layout-flex\">\n<figure class=\"wp-block-image size-large\"><a href=\"https:\/\/www.schule-kell.de\/wp-content\/uploads\/2022\/09\/10a-Recherche-scaled.jpeg\"><img loading=\"lazy\" decoding=\"async\" width=\"1024\" height=\"768\" data-id=\"1407\" src=\"https:\/\/www.schule-kell.de\/wp-content\/uploads\/2022\/09\/10a-Recherche-1024x768.jpeg\" alt=\"\" class=\"wp-image-1407\" srcset=\"https:\/\/www.schule-kell.de\/wp-content\/uploads\/2022\/09\/10a-Recherche-980x735.jpeg 980w, https:\/\/www.schule-kell.de\/wp-content\/uploads\/2022\/09\/10a-Recherche-480x360.jpeg 480w\" sizes=\"auto, (min-width: 0px) and (max-width: 480px) 480px, (min-width: 481px) and (max-width: 980px) 980px, (min-width: 981px) 1024px, 100vw\" \/><\/a><\/figure>\n\n\n\n<figure class=\"wp-block-image size-large is-style-default\"><a href=\"https:\/\/www.schule-kell.de\/wp-content\/uploads\/2022\/09\/10a-Mo\u0308glichkeiten--scaled.jpeg\"><img loading=\"lazy\" decoding=\"async\" width=\"1024\" height=\"768\" data-id=\"1406\" src=\"https:\/\/www.schule-kell.de\/wp-content\/uploads\/2022\/09\/10a-Mo\u0308glichkeiten--1024x768.jpeg\" alt=\"\" class=\"wp-image-1406\" srcset=\"https:\/\/www.schule-kell.de\/wp-content\/uploads\/2022\/09\/10a-Mo\u0308glichkeiten--1024x768.jpeg 1024w, https:\/\/www.schule-kell.de\/wp-content\/uploads\/2022\/09\/10a-Mo\u0308glichkeiten--300x225.jpeg 300w, https:\/\/www.schule-kell.de\/wp-content\/uploads\/2022\/09\/10a-Mo\u0308glichkeiten--768x576.jpeg 768w, https:\/\/www.schule-kell.de\/wp-content\/uploads\/2022\/09\/10a-Mo\u0308glichkeiten--1536x1152.jpeg 1536w, https:\/\/www.schule-kell.de\/wp-content\/uploads\/2022\/09\/10a-Mo\u0308glichkeiten--2048x1536.jpeg 2048w, https:\/\/www.schule-kell.de\/wp-content\/uploads\/2022\/09\/10a-Mo\u0308glichkeiten--510x382.jpeg 510w, https:\/\/www.schule-kell.de\/wp-content\/uploads\/2022\/09\/10a-Mo\u0308glichkeiten--1080x810.jpeg 1080w, https:\/\/www.schule-kell.de\/wp-content\/uploads\/2022\/09\/10a-Mo\u0308glichkeiten--1280x960.jpeg 1280w, https:\/\/www.schule-kell.de\/wp-content\/uploads\/2022\/09\/10a-Mo\u0308glichkeiten--980x735.jpeg 980w, https:\/\/www.schule-kell.de\/wp-content\/uploads\/2022\/09\/10a-Mo\u0308glichkeiten--480x360.jpeg 480w\" sizes=\"auto, (max-width: 1024px) 100vw, 1024px\" \/><\/a><\/figure>\n<\/figure>\n","protected":false},"excerpt":{"rendered":"<p>Unsere Sch\u00fcler*innen der Klassen 9b und 10a waren zu Gast bei Ihrer Berufsberaterin Frau Lasev im BIZ, um gemeinsam den Weg nach der Schule in den Fokus zu nehmen. Hierbei wurden sowohl die M\u00f6glichkeiten einer Dualen Ausbildung als auch der Gang zu einer weiterf\u00fchrenden Schule angedacht und mit den eigenen Interessen und F\u00e4higkeiten abgeglichen. Im [&hellip;]<\/p>\n","protected":false},"author":1,"featured_media":1407,"comment_status":"closed","ping_status":"closed","sticky":false,"template":"","format":"standard","meta":{"_et_pb_use_builder":"off","_et_pb_old_content":"","_et_gb_content_width":"","footnotes":""},"categories":[3],"tags":[],"class_list":["post-1408","post","type-post","status-publish","format-standard","has-post-thumbnail","hentry","category-aktuelles"],"_links":{"self":[{"href":"https:\/\/www.schule-kell.de\/index.php?rest_route=\/wp\/v2\/posts\/1408","targetHints":{"allow":["GET"]}}],"collection":[{"href":"https:\/\/www.schule-kell.de\/index.php?rest_route=\/wp\/v2\/posts"}],"about":[{"href":"https:\/\/www.schule-kell.de\/index.php?rest_route=\/wp\/v2\/types\/post"}],"author":[{"embeddable":true,"href":"https:\/\/www.schule-kell.de\/index.php?rest_route=\/wp\/v2\/users\/1"}],"replies":[{"embeddable":true,"href":"https:\/\/www.schule-kell.de\/index.php?rest_route=%2Fwp%2Fv2%2Fcomments&post=1408"}],"version-history":[{"count":12,"href":"https:\/\/www.schule-kell.de\/index.php?rest_route=\/wp\/v2\/posts\/1408\/revisions"}],"predecessor-version":[{"id":1424,"href":"https:\/\/www.schule-kell.de\/index.php?rest_route=\/wp\/v2\/posts\/1408\/revisions\/1424"}],"wp:featuredmedia":[{"embeddable":true,"href":"https:\/\/www.schule-kell.de\/index.php?rest_route=\/wp\/v2\/media\/1407"}],"wp:attachment":[{"href":"https:\/\/www.schule-kell.de\/index.php?rest_route=%2Fwp%2Fv2%2Fmedia&parent=1408"}],"wp:term":[{"taxonomy":"category","embeddable":true,"href":"https:\/\/www.schule-kell.de\/index.php?rest_route=%2Fwp%2Fv2%2Fcategories&post=1408"},{"taxonomy":"post_tag","embeddable":true,"href":"https:\/\/www.schule-kell.de\/index.php?rest_route=%2Fwp%2Fv2%2Ftags&post=1408"}],"curies":[{"name":"wp","href":"https:\/\/api.w.org\/{rel}","templated":true}]}}