{"id":1370,"date":"2022-09-06T14:04:09","date_gmt":"2022-09-06T14:04:09","guid":{"rendered":"https:\/\/www.schule-kell.de\/?p=1370"},"modified":"2022-09-25T19:46:56","modified_gmt":"2022-09-25T19:46:56","slug":"begruessungsfeier-2022","status":"publish","type":"post","link":"https:\/\/www.schule-kell.de\/?p=1370","title":{"rendered":"Begr\u00fc\u00dfungsfeier 2022"},"content":{"rendered":"\n<figure class=\"wp-block-image size-large\"><a href=\"https:\/\/www.schule-kell.de\/wp-content\/uploads\/2022\/09\/Rede-Strasser-scaled.jpg\"><img loading=\"lazy\" decoding=\"async\" width=\"1024\" height=\"441\" src=\"https:\/\/www.schule-kell.de\/wp-content\/uploads\/2022\/09\/Rede-Strasser-1024x441.jpg\" alt=\"\" class=\"wp-image-1372\" srcset=\"https:\/\/www.schule-kell.de\/wp-content\/uploads\/2022\/09\/Rede-Strasser-980x422.jpg 980w, https:\/\/www.schule-kell.de\/wp-content\/uploads\/2022\/09\/Rede-Strasser-480x207.jpg 480w\" sizes=\"auto, (min-width: 0px) and (max-width: 480px) 480px, (min-width: 481px) and (max-width: 980px) 980px, (min-width: 981px) 1024px, 100vw\" \/><\/a><\/figure>\n\n\n\n<p class=\"has-black-color has-text-color\"><strong>Gelungener Start f\u00fcr unsere neuen Sch\u00fcler*innen der Klassenstufe 5<\/strong><\/p>\n\n\n\n<p class=\"has-black-color has-text-color\">Im Rahmen der Begr\u00fc\u00dfungsfeier hie\u00dfen Herr Stra\u00dfer (Schulleiter), Herr Weyrich (Didaktischer Koordinator) und Frau Berg (P\u00e4dagogische Koordinatorin) unsere neuen Sch\u00fcler*innen der 5a, 5b und 5c sowie deren Eltern und Erziehungsberechtigten herzlich willkommen.<\/p>\n\n\n\n<p class=\"has-black-color has-text-color\">Bevor die Sch\u00fcler*innen mit ihren Klassenleiterinnen Frau Bonerz, Frau K\u00f6nig und Frau Sander in ihre Klassenr\u00e4ume einzogen und in die erste Schulwoche starteten, hie\u00dfen die Paten aus der Klassenstufe 6 ihre neuen Mitsch\u00fcler*innen ebenfalls willkommen. Die Pat*innen verrieten ihren neuen Mitsch\u00fcler*innen, welche Bedeutung sich hinter jedem einzelnen Buchstaben verbirgt:<\/p>\n\n\n\n<figure class=\"wp-block-table is-style-stripes\"><table class=\"has-black-color has-text-color\"><tbody><tr><td><strong><mark style=\"background-color:rgba(0, 0, 0, 0)\" class=\"has-inline-color has-vivid-cyan-blue-color\">R<\/mark><\/strong><\/td><td><strong>REGENBOGEN<\/strong> \u2013 als Zeichen f\u00fcr Toleranz und Vielfalt<\/td><td><strong><mark style=\"background-color:rgba(0, 0, 0, 0)\" class=\"has-inline-color has-vivid-cyan-blue-color\">P<\/mark><\/strong><\/td><td><strong>Pausen<\/strong> sind das Beste<\/td><\/tr><tr><td><strong><mark style=\"background-color:rgba(0, 0, 0, 0)\" class=\"has-inline-color has-vivid-cyan-blue-color\">E<\/mark><\/strong><\/td><td><strong>ECHT<\/strong> SUPER LEHRERINNEN <strong>UND<\/strong> LEHRER<\/td><td><strong><mark style=\"background-color:rgba(0, 0, 0, 0)\" class=\"has-inline-color has-vivid-cyan-blue-color\">L<\/mark><\/strong><\/td><td><strong>LASST<\/strong> EUCH \u00dcBERRASCHEN<\/td><\/tr><tr><td><strong><mark style=\"background-color:rgba(0, 0, 0, 0)\" class=\"has-inline-color has-vivid-cyan-blue-color\">A<\/mark><\/strong><\/td><td><strong>Alles<\/strong> wird gut<\/td><td><strong><mark style=\"background-color:rgba(0, 0, 0, 0)\" class=\"has-inline-color has-vivid-cyan-blue-color\">U<\/mark><\/strong><\/td><td><strong>UND<\/strong><\/td><\/tr><tr><td><strong><mark style=\"background-color:rgba(0, 0, 0, 0)\" class=\"has-inline-color has-vivid-cyan-blue-color\">L<\/mark><\/strong><\/td><td><strong>LECKERES<\/strong> MITTAGESSEN<\/td><td><mark style=\"background-color:rgba(0, 0, 0, 0)\" class=\"has-inline-color has-vivid-cyan-blue-color\"><strong>S<\/strong><\/mark><\/td><td><strong>SEID<\/strong> HERZLICH WILLKOMMEN<\/td><\/tr><tr><td><strong><mark style=\"background-color:rgba(0, 0, 0, 0)\" class=\"has-inline-color has-vivid-cyan-blue-color\">S<\/mark><\/strong><\/td><td><strong>September<\/strong>? So sp\u00e4t haben wir doch noch nie angefangen!<\/td><td><\/td><td><\/td><\/tr><tr><td><strong><mark style=\"background-color:rgba(0, 0, 0, 0)\" class=\"has-inline-color has-vivid-cyan-blue-color\">C<\/mark><\/strong><\/td><td><strong>COOLE<\/strong> AGS AM NACHMITTAG<\/td><td><\/td><td><\/td><\/tr><tr><td><strong><mark style=\"background-color:rgba(0, 0, 0, 0)\" class=\"has-inline-color has-vivid-cyan-blue-color\">H<\/mark><\/strong><\/td><td><strong>HAUSAUFGABEN<\/strong> SIND nach der Ganztagsschule erledigt<\/td><td><\/td><td><\/td><\/tr><tr><td><strong><mark style=\"background-color:rgba(0, 0, 0, 0)\" class=\"has-inline-color has-vivid-cyan-blue-color\">U<\/mark><\/strong><\/td><td><strong>unser<\/strong> Schulhund: G\u00fcnther<\/td><td><\/td><td><\/td><\/tr><tr><td><strong><mark style=\"background-color:rgba(0, 0, 0, 0)\" class=\"has-inline-color has-vivid-cyan-blue-color\">L<\/mark><\/strong><\/td><td><strong>Lernen<\/strong>? JA LANGWEILIG? &#8211; <strong>NIE!!!<\/strong><\/td><td><\/td><td><\/td><\/tr><tr><td><strong><mark style=\"background-color:rgba(0, 0, 0, 0)\" class=\"has-inline-color has-vivid-cyan-blue-color\">E<\/mark><\/strong><\/td><td><strong>Einer<\/strong> f\u00fcr alle und alle f\u00fcr einen!&nbsp;&nbsp;<\/td><td><\/td><td><\/td><\/tr><\/tbody><\/table><\/figure>\n\n\n\n<p><\/p>\n\n\n\n<p class=\"has-black-color has-text-color\">Abgerundet wurde die Begr\u00fc\u00dfungsfeier durch einen Cup-Song, den Frau Bonerz mit Sch\u00fcler*innen der Klassenstufe 6 einstudierte.<\/p>\n\n\n\n<p class=\"has-black-color has-text-color\">Im Anschluss traten die Eltern und Erziehungsberechtigten bei einer Tasse Kaffee und Kuchen mit dem Schulleitungsteam in den Austausch, um offene Fragen und Anliegen zu kl\u00e4ren.<\/p>\n\n\n\n<p class=\"has-black-color has-text-color\">Die Schulgemeinschaft w\u00fcnscht allen Sch\u00fcler*innen einen guten Start und viel Erfolg f\u00fcr das neue Schuljahr!<\/p>\n\n\n\n<figure class=\"wp-block-gallery has-nested-images columns-default is-cropped wp-block-gallery-1 is-layout-flex wp-block-gallery-is-layout-flex\">\n<figure class=\"wp-block-image size-large\"><a href=\"https:\/\/www.schule-kell.de\/wp-content\/uploads\/2022\/09\/Grussworte-BG_WY-scaled.jpg\"><img loading=\"lazy\" decoding=\"async\" width=\"2560\" height=\"1075\" data-id=\"1371\" src=\"https:\/\/www.schule-kell.de\/wp-content\/uploads\/2022\/09\/Grussworte-BG_WY-scaled.jpg\" alt=\"\" class=\"wp-image-1371\" srcset=\"https:\/\/www.schule-kell.de\/wp-content\/uploads\/2022\/09\/Grussworte-BG_WY-scaled.jpg 2560w, https:\/\/www.schule-kell.de\/wp-content\/uploads\/2022\/09\/Grussworte-BG_WY-1280x538.jpg 1280w, https:\/\/www.schule-kell.de\/wp-content\/uploads\/2022\/09\/Grussworte-BG_WY-980x412.jpg 980w, https:\/\/www.schule-kell.de\/wp-content\/uploads\/2022\/09\/Grussworte-BG_WY-480x202.jpg 480w\" sizes=\"auto, (min-width: 0px) and (max-width: 480px) 480px, (min-width: 481px) and (max-width: 980px) 980px, (min-width: 981px) and (max-width: 1280px) 1280px, (min-width: 1281px) 2560px, 100vw\" \/><\/a><\/figure>\n\n\n\n<figure class=\"wp-block-image size-large\"><a href=\"https:\/\/www.schule-kell.de\/wp-content\/uploads\/2022\/09\/Cup-Song-scaled.jpg\"><img loading=\"lazy\" decoding=\"async\" width=\"2560\" height=\"1928\" data-id=\"1369\" src=\"https:\/\/www.schule-kell.de\/wp-content\/uploads\/2022\/09\/Cup-Song-scaled.jpg\" alt=\"\" class=\"wp-image-1369\" srcset=\"https:\/\/www.schule-kell.de\/wp-content\/uploads\/2022\/09\/Cup-Song-scaled.jpg 2560w, https:\/\/www.schule-kell.de\/wp-content\/uploads\/2022\/09\/Cup-Song-1280x964.jpg 1280w, https:\/\/www.schule-kell.de\/wp-content\/uploads\/2022\/09\/Cup-Song-980x738.jpg 980w, https:\/\/www.schule-kell.de\/wp-content\/uploads\/2022\/09\/Cup-Song-480x362.jpg 480w\" sizes=\"auto, (min-width: 0px) and (max-width: 480px) 480px, (min-width: 481px) and (max-width: 980px) 980px, (min-width: 981px) and (max-width: 1280px) 1280px, (min-width: 1281px) 2560px, 100vw\" \/><\/a><\/figure>\n<\/figure>\n","protected":false},"excerpt":{"rendered":"<p>Gelungener Start f\u00fcr unsere neuen Sch\u00fcler*innen der Klassenstufe 5 Im Rahmen der Begr\u00fc\u00dfungsfeier hie\u00dfen Herr Stra\u00dfer (Schulleiter), Herr Weyrich (Didaktischer Koordinator) und Frau Berg (P\u00e4dagogische Koordinatorin) unsere neuen Sch\u00fcler*innen der 5a, 5b und 5c sowie deren Eltern und Erziehungsberechtigten herzlich willkommen. Bevor die Sch\u00fcler*innen mit ihren Klassenleiterinnen Frau Bonerz, Frau K\u00f6nig und Frau Sander in [&hellip;]<\/p>\n","protected":false},"author":1,"featured_media":1372,"comment_status":"open","ping_status":"open","sticky":false,"template":"","format":"standard","meta":{"_et_pb_use_builder":"off","_et_pb_old_content":"","_et_gb_content_width":"","footnotes":""},"categories":[3],"tags":[],"class_list":["post-1370","post","type-post","status-publish","format-standard","has-post-thumbnail","hentry","category-aktuelles"],"_links":{"self":[{"href":"https:\/\/www.schule-kell.de\/index.php?rest_route=\/wp\/v2\/posts\/1370","targetHints":{"allow":["GET"]}}],"collection":[{"href":"https:\/\/www.schule-kell.de\/index.php?rest_route=\/wp\/v2\/posts"}],"about":[{"href":"https:\/\/www.schule-kell.de\/index.php?rest_route=\/wp\/v2\/types\/post"}],"author":[{"embeddable":true,"href":"https:\/\/www.schule-kell.de\/index.php?rest_route=\/wp\/v2\/users\/1"}],"replies":[{"embeddable":true,"href":"https:\/\/www.schule-kell.de\/index.php?rest_route=%2Fwp%2Fv2%2Fcomments&post=1370"}],"version-history":[{"count":4,"href":"https:\/\/www.schule-kell.de\/index.php?rest_route=\/wp\/v2\/posts\/1370\/revisions"}],"predecessor-version":[{"id":1425,"href":"https:\/\/www.schule-kell.de\/index.php?rest_route=\/wp\/v2\/posts\/1370\/revisions\/1425"}],"wp:featuredmedia":[{"embeddable":true,"href":"https:\/\/www.schule-kell.de\/index.php?rest_route=\/wp\/v2\/media\/1372"}],"wp:attachment":[{"href":"https:\/\/www.schule-kell.de\/index.php?rest_route=%2Fwp%2Fv2%2Fmedia&parent=1370"}],"wp:term":[{"taxonomy":"category","embeddable":true,"href":"https:\/\/www.schule-kell.de\/index.php?rest_route=%2Fwp%2Fv2%2Fcategories&post=1370"},{"taxonomy":"post_tag","embeddable":true,"href":"https:\/\/www.schule-kell.de\/index.php?rest_route=%2Fwp%2Fv2%2Ftags&post=1370"}],"curies":[{"name":"wp","href":"https:\/\/api.w.org\/{rel}","templated":true}]}}